{"id":692,"date":"2022-05-16T01:29:02","date_gmt":"2022-05-16T01:29:02","guid":{"rendered":"https:\/\/testdb.wiznet.se\/?p=692"},"modified":"2022-05-16T01:29:02","modified_gmt":"2022-05-16T01:29:02","slug":"de-utser-sveriges-basta-inom-rekrytering-och-bemanning","status":"publish","type":"post","link":"https:\/\/testdb.wiznet.se\/?p=692","title":{"rendered":"De utser Sveriges b\u00e4sta inom rekrytering och bemanning"},"content":{"rendered":"<p>  \tRecruitment Awards uppm&auml;rksammar och hyllar akt&ouml;rer som under det g&aring;ngna &aring;ret gjort en betydande insats f&ouml;r branschen. Insatsen ska ha haft tydlig p&aring;verkan p&aring; och effekt f&ouml;r det enskilda f&ouml;retaget eller branschen i stort genom exempelvis kommunikation, information, innovation, kompetens- eller kvalitetsh&ouml;jning.<\/p>\n<p>  \t<strong>Bakom galan<\/strong> ligger webbtidningen Branschen.se som skriver om rekryterings- och bemanningsbranschen och Talent Venture Group som ocks&aring; &auml;r moderbolag till f&ouml;rlaget som &auml;ger Personal &amp; Ledarskap.<\/p>\n<p>  \t&mdash; Rekryterings- och bemanningsf&ouml;retagen m&aring;ste lyftas och premieras f&ouml;r det gedigna arbete de g&ouml;r. Vi p&aring; Branschen.se &auml;r r&auml;tta akt&ouml;ren att skapa en gala eftersom vi &auml;r helt oberoende, har en n&auml;ra relation till och inblick i branschens f&ouml;retag samt tillhandah&aring;ller branschens informations- och marknadsf&ouml;ringskanal, s&auml;ger Dejan Smiljanic fr&aring;n Branschen.se och galans initiativtagare.<\/p>\n<div style=\"padding: 10; width: 250px; height: 174px; float: right;;  \">  \t<img decoding=\"async\" border=\"0\" src=\"\/Graphics\/UserFiles\/images\/Dejan .png\" style=\"width: 250px; height: 174px; dummy: right;\" \/><br \/>  \t<span class=\"bildtext\">Dejan Smiljanic. Foto: Privat.<\/span><\/div>\n<p>  \t&nbsp;<\/p>\n<p>  \t<strong>Galan kommer<\/strong> l&auml;gligt i tiden efter ett h&aring;rt &aring;r med pandemin.<\/p>\n<p>  \t&mdash; F&ouml;r m&aring;nga f&ouml;retag inom branschen s&aring;g det v&auml;ldigt m&ouml;rkt ut under f&ouml;rra &aring;ret, men min uppfattning &auml;r att branschen nu har &aring;terh&auml;mtat sig. Nu &auml;r det drag under galoscherna, det g&aring;r b&auml;ttre och b&auml;ttre, s&auml;ger Dejan Smiljanic.<\/p>\n<p>  \t<strong>Under Recruitment <\/strong>Awards<strong> <\/strong>kommer priser delas ut i tolv kategorier:<\/p>\n<ul>\n<li>\n<p>  \t\t\t&Aring;rets rekryteringsf&ouml;retag upp till 19 anst&auml;llda<\/p>\n<\/li>\n<li>\n<p>  \t\t\t&Aring;rets rekryteringsf&ouml;retag fr&aring;n 20 &ndash; 49 anst&auml;llda<\/p>\n<\/li>\n<li>\n<p>  \t\t\t&Aring;rets rekryteringsf&ouml;retag &ouml;ver 50 anst&auml;llda<\/p>\n<\/li>\n<li>\n<p>  \t\t\t&Aring;rets bemanningsf&ouml;retag<\/p>\n<\/li>\n<li>\n<p>  \t\t\t&Aring;rets interimsf&ouml;retag<\/p>\n<\/li>\n<li>\n<p>  \t\t\t&Aring;rets gig-f&ouml;retag<\/p>\n<\/li>\n<li>\n<p>  \t\t\t&Aring;rets kommunikationskampanj<\/p>\n<\/li>\n<li>\n<p>  \t\t\t&Aring;rets m&aring;ngfaldsf&ouml;retag<\/p>\n<\/li>\n<li>\n<p>  \t\t\t&Aring;rets ledare<\/p>\n<\/li>\n<li>\n<p>  \t\t\t&Aring;rets rekryterare<\/p>\n<\/li>\n<li>\n<p>  \t\t\t&Aring;rets innovationsf&ouml;retag<\/p>\n<\/li>\n<li>\n<p>  \t\t\tWTEQ priset &mdash; &Aring;rets j&auml;mst&auml;lldhetf&ouml;retag i techbranschen<br \/>  \t\t\t&nbsp;<\/p>\n<\/li>\n<\/ul>\n<p>  \t<strong>I &aring;r har<\/strong> det kommit in 236 nomineringar av vilka juryn valt ut tre finalister i varje kategori.<\/p>\n<p>  \t&mdash; Varje jurygrupp har gjort ett gediget urvalsarbete d&auml;r vi b&aring;de har tittat p&aring; kvantifierbara data som n&ouml;jd-kundindex, kandidatn&ouml;jdhet och l&ouml;nsamhet bland annat, men ocks&aring; p&aring; faktorer som f&ouml;retagskultur. Det &auml;r intressant att man i denna digitala tid lyckas beh&aring;lla en stark f&ouml;retagssj&auml;l. Finalisterna &auml;r konsekventa i det de g&ouml;r bra och m&aring;nar lika mycket om kund som kandidat samt arbetar processbaserat, s&auml;ger Marianne Olsson, juryns ordf&ouml;rande samt r&aring;dgivare och gigexpert.<\/p>\n<div style=\"padding: 10; width: 250px; height: 333px; float: right;;  \">  \t<img decoding=\"async\" border=\"0\" src=\"\/Graphics\/UserFiles\/images\/marianne Olsson Foto Beate Sommer.jpg\" style=\"width: 250px; height: 333px; dummy: right;\" \/><br \/>  \t<span class=\"bildtext\">Marianne Olsson. Foto: Beate Sommer.<\/span><\/div>\n<p>  \t&nbsp;<\/p>\n<p>  \t<strong>Under pandemin <\/strong>har branschen utvecklats, menar Marianne Olsson. Tills&auml;ttningar g&aring;r snabbare och videom&ouml;ten &auml;r numera standard i m&aring;nga processer. Search har f&aring;tt ett uppsving.<br \/>  \t&mdash; Den informella searchrekryteringen har &ouml;kat och vi ser snabbare interimsl&ouml;sningar. Dessutom ser vi fler som anv&auml;nder AI. Man baserar mer av urvalet p&aring; urvalsfr&aring;gor och beg&aring;vningstester innan kandidaten f&aring;r chans att skicka in en ans&ouml;kan eller cv. Det underl&auml;ttar urvalsprocessen.<\/p>\n<p>  \t<strong>Marianne Olsson<\/strong> menar att digitaliseringen och globaliseringen har utvecklat bemannings- och rekryteringsbranschen och pushat den att bli smartare.<\/p>\n<p>  \t&mdash; Det &auml;r sp&auml;nnande att se hur smarta aff&auml;rsid&eacute;er f&ouml;r matchning dyker upp. Med digitaliseringen och genom AI kommer matchningen att bli b&auml;ttre och g&aring; snabbare f&ouml;r alla; arbetsgivare, arbetstagare och giggare. S&aring; som jobbmarknaden ser ut just nu har matchningen aldrig varit viktigare &auml;n nu.<\/p>\n<p>  \t<strong>Den 27 maj <\/strong>klockan 16.00 presenteras vinnarna i alla 12 kategorier under en direkts&auml;nd gala p&aring; Branschen.se<\/p>\n<p>  \tJENNIE JENSEN<\/p>\n<p>  \t<a href=\"https:\/\/branschen.se\/category\/finalister-recruitment-awards\/\">L&auml;s mer om finalisterna h&auml;r.<\/a><\/p>\n<p>  \t&nbsp;<\/p>\n","protected":false},"excerpt":{"rendered":"<p>REKRYTERING. Den 27 maj h\u00e5lls Recruitment Awards f\u00f6r f\u00f6rsta g\u00e5ngen, en gala f\u00f6r rekryterings- och bemanningsbranschen. I \u00e5r blir galan digital och m\u00e5let \u00e4r att skapa en m\u00f6tesplats f\u00f6r hela branschen.<\/p>\n","protected":false},"author":1,"featured_media":0,"comment_status":"open","ping_status":"open","sticky":false,"template":"","format":"standard","meta":{"footnotes":""},"categories":[],"tags":[],"class_list":["post-692","post","type-post","status-publish","format-standard","hentry"],"_links":{"self":[{"href":"https:\/\/testdb.wiznet.se\/index.php?rest_route=\/wp\/v2\/posts\/692","targetHints":{"allow":["GET"]}}],"collection":[{"href":"https:\/\/testdb.wiznet.se\/index.php?rest_route=\/wp\/v2\/posts"}],"about":[{"href":"https:\/\/testdb.wiznet.se\/index.php?rest_route=\/wp\/v2\/types\/post"}],"author":[{"embeddable":true,"href":"https:\/\/testdb.wiznet.se\/index.php?rest_route=\/wp\/v2\/users\/1"}],"replies":[{"embeddable":true,"href":"https:\/\/testdb.wiznet.se\/index.php?rest_route=%2Fwp%2Fv2%2Fcomments&post=692"}],"version-history":[{"count":0,"href":"https:\/\/testdb.wiznet.se\/index.php?rest_route=\/wp\/v2\/posts\/692\/revisions"}],"wp:attachment":[{"href":"https:\/\/testdb.wiznet.se\/index.php?rest_route=%2Fwp%2Fv2%2Fmedia&parent=692"}],"wp:term":[{"taxonomy":"category","embeddable":true,"href":"https:\/\/testdb.wiznet.se\/index.php?rest_route=%2Fwp%2Fv2%2Fcategories&post=692"},{"taxonomy":"post_tag","embeddable":true,"href":"https:\/\/testdb.wiznet.se\/index.php?rest_route=%2Fwp%2Fv2%2Ftags&post=692"}],"curies":[{"name":"wp","href":"https:\/\/api.w.org\/{rel}","templated":true}]}}