{"id":686,"date":"2022-05-16T01:29:02","date_gmt":"2022-05-16T01:29:02","guid":{"rendered":"https:\/\/testdb.wiznet.se\/?p=686"},"modified":"2022-05-16T01:29:02","modified_gmt":"2022-05-16T01:29:02","slug":"ny-visselblasarfunktion-i-pulsverktyg-efter-nytt-lagkrav","status":"publish","type":"post","link":"https:\/\/testdb.wiznet.se\/?p=686","title":{"rendered":"Ny visselbl\u00e5sarfunktion i pulsverktyg efter nytt lagkrav"},"content":{"rendered":"<p><div style=\"padding: 10; width: 650px; height: 366px;;  \"><img decoding=\"async\" src=\"\/Graphics\/UserFiles\/images\/elin_bild.jpg\" style=\"width: 650px; height: 366px;\"  border=\"0\"><br \/><span class=\"bildtext\">Elin Arnell, vd f\u00f6r Talentech Sverige. Foto: Talentech.<\/span><\/div>\n<\/p>\n<p>  \tOrganisationer m&aring;ste kunna ta emot och utreda anm&auml;lningar om missf&ouml;rh&aring;llanden. D&auml;rf&ouml;r ska f&ouml;retag och organisationer inom privat och offentlig sektor med &ouml;ver 250 anst&auml;llda senast den 17 december i &aring;r ha inr&auml;ttat en rapporteringskanal f&ouml;r hantering av anm&auml;lningar om missf&ouml;rh&aring;llanden i organisationen.<\/p>\n<p>  \t<strong>F&ouml;retag och organisationer<\/strong> med 50 till 249 anst&auml;llda ber&ouml;rs ocks&aring; av direktivet, men har fram till 2023 p&aring; sig att inr&auml;tta en rapporteringskanal. Det framg&aring;r av EU-direktivet om skydd f&ouml;r visselbl&aring;sare.<\/p>\n<p>  \t<strong>Hr tech-bolaget <\/strong>Talentech har nu utvecklat sitt verktyg Weekli f&ouml;r att m&ouml;ta det nya lagkravet.<\/p>\n<p>  \t&mdash; Som organisation vill man naturligtvis arbeta proaktivt f&ouml;r att undvika missf&ouml;rh&aring;llanden, men om trakasserier eller andra oegentligheter dyker upp kan medarbetare anm&auml;la dessa digitalt, s&auml;kert och anonymt, direkt via Weekli-appen&rdquo;, s&auml;ger Elin Arnell, vd f&ouml;r Talentech Sverige.<\/p>\n<p>  \t<strong>Varf&ouml;r har ni valt att g&ouml;ra det m&ouml;jligt att anm&auml;la missf&ouml;rh&aring;llanden anonymt?<\/strong><\/p>\n<p>  \t&mdash; Vi tror p&aring; vikten av anonymitet f&ouml;r att medarbetare ska v&aring;ga lyfta om hen upplever oegentligheter i organisationen, men det h&auml;r &auml;r egentligen ett sista steg. Mycket handlar om det f&ouml;rebyggande arbetet med kultur f&ouml;r att den h&auml;r funktionen i s&aring; liten utstr&auml;ckning som m&ouml;jligt ska beh&ouml;va anv&auml;ndas och d&auml;r m&auml;nniskor agerar runt omkring. Det kan r&ouml;ra sig om allt ifr&aring;n korruption, milj&ouml;brott till sexuella trakasserier.<\/p>\n<p>  \t<strong>I de fall <\/strong>s&aring;dana missf&ouml;rh&aring;llanden inte f&aring;ngas upp internt utg&ouml;r visselbl&aring;sarfunktionen en m&ouml;jlighet, menar Elin Arnell.<br \/>  \t&mdash; Det &auml;r ocks&aring; en f&ouml;ruts&auml;ttning utifr&aring;n EU-direktivet att det &auml;r just anonymt. Sedan &auml;r det viktigt att organisationen har en genomt&auml;nkt process f&ouml;r att hantera och utreda anm&auml;lan.<\/p>\n<p>  \t<strong>Anonyma visselbl&aring;sarsystem<\/strong> har blivit allt vanligare men &auml;r inte oproblematiska. Kritik som lyfts mot dem &auml;r att m&auml;nniskor och organisationer kan skadas sv&aring;rt av grundl&ouml;sa och vilseledande, anonyma p&aring;st&aring;enden.<\/p>\n<p>  \t<strong>I en debattartikel<\/strong> i <a href=\"http:\/\/Personal &amp; Ledarskap (personalledarskap.se)\">Personal &amp; Ledarskap <\/a>skriver Richard M&aring;rtensson, senior advisor p&aring; Human &amp; Heart HR, att en utredning i arbets&shy;livet b&ouml;r utg&aring; fr&aring;n liknande principer som utredningar i brottm&aring;l och att organisationer beh&ouml;veri bli b&auml;ttre p&aring; att &shy;utreda &shy;avvikelser objektivt, d&auml;r s&aring;v&auml;l anm&auml;lares som den anm&auml;ldas r&auml;tts&shy;s&auml;kerhet v&auml;rnas under utrednings&shy;processen.<\/p>\n<p>  \tJENNIE JENSEN<\/p>\n<p>  \tL&auml;s &auml;ven:<\/p>\n<p>  \t<a href=\"http:\/\/Personal &amp; Ledarskap (personalledarskap.se)\">Debatt: Undvik anonyma visselbl&aring;sarsystem<\/a><\/p>\n<p>  \t<a href=\"http:\/\/Personal &amp; Ledarskap (personalledarskap.se)\">Tommy Iseskog: Vem &auml;r lagen till f&ouml;r?<\/a><\/p>\n<p>  \t&nbsp;<\/p>\n","protected":false},"excerpt":{"rendered":"<p>HR TECH. Verktyget Weekli by Talentech som erbjuder pulsade och anonyma medarbetarunders\u00f6kningar f\u00e5r nu en ny funktion f\u00f6r visselbl\u00e5sning. Funktionen inf\u00f6rs f\u00f6r att organisationer ska kunna leva upp till ett nytt lagkrav fr\u00e5n EU som tr\u00e4der i kraft i december i \u00e5r.<\/p>\n","protected":false},"author":1,"featured_media":0,"comment_status":"open","ping_status":"open","sticky":false,"template":"","format":"standard","meta":{"footnotes":""},"categories":[],"tags":[],"class_list":["post-686","post","type-post","status-publish","format-standard","hentry"],"_links":{"self":[{"href":"https:\/\/testdb.wiznet.se\/index.php?rest_route=\/wp\/v2\/posts\/686","targetHints":{"allow":["GET"]}}],"collection":[{"href":"https:\/\/testdb.wiznet.se\/index.php?rest_route=\/wp\/v2\/posts"}],"about":[{"href":"https:\/\/testdb.wiznet.se\/index.php?rest_route=\/wp\/v2\/types\/post"}],"author":[{"embeddable":true,"href":"https:\/\/testdb.wiznet.se\/index.php?rest_route=\/wp\/v2\/users\/1"}],"replies":[{"embeddable":true,"href":"https:\/\/testdb.wiznet.se\/index.php?rest_route=%2Fwp%2Fv2%2Fcomments&post=686"}],"version-history":[{"count":0,"href":"https:\/\/testdb.wiznet.se\/index.php?rest_route=\/wp\/v2\/posts\/686\/revisions"}],"wp:attachment":[{"href":"https:\/\/testdb.wiznet.se\/index.php?rest_route=%2Fwp%2Fv2%2Fmedia&parent=686"}],"wp:term":[{"taxonomy":"category","embeddable":true,"href":"https:\/\/testdb.wiznet.se\/index.php?rest_route=%2Fwp%2Fv2%2Fcategories&post=686"},{"taxonomy":"post_tag","embeddable":true,"href":"https:\/\/testdb.wiznet.se\/index.php?rest_route=%2Fwp%2Fv2%2Ftags&post=686"}],"curies":[{"name":"wp","href":"https:\/\/api.w.org\/{rel}","templated":true}]}}