{"id":685,"date":"2022-05-16T01:29:02","date_gmt":"2022-05-16T01:29:02","guid":{"rendered":"https:\/\/testdb.wiznet.se\/?p=685"},"modified":"2022-05-16T01:29:02","modified_gmt":"2022-05-16T01:29:02","slug":"hr-profiler-gor-fjallretreat-for-ledare","status":"publish","type":"post","link":"https:\/\/testdb.wiznet.se\/?p=685","title":{"rendered":"Hr-profiler g\u00f6r fj\u00e4llretreat f\u00f6r ledare"},"content":{"rendered":"<p><div style=\"padding: 10; width: 650px; height: 433px;;  \"><img decoding=\"async\" src=\"\/Graphics\/UserFiles\/images\/fjallvanding Anders Good TT.jpg\" style=\"width: 650px; height: 433px;\"  border=\"0\"><br \/><span class=\"bildtext\">Under tre dygn i augusti kommer chefer och ledare som vill utveckla sitt sj\u00e4lvledarskap vistas i fj\u00e4llmilj\u00f6 och reflektera och dela erfarenheter tillsammans. Initiativtagarna med bakgrund inom hr-och ledarskap arrangerar retreaten till sj\u00e4lvkostnadspris och hoppas bidra till att deltagarna f\u00e5r koppla ur, koppla av och komma n\u00e4rmare sin k\u00e4rna s\u00e5 att de kan bli mer effektiva och h\u00e5llbara som ledare. Foto: Anders Good\/TT. <\/span><\/div>\n<\/p>\n<p>  \tId&eacute;n om att anv&auml;nda naturens dokumenterat v&auml;lg&ouml;rande egenskaper i kombination med att samla m&auml;nniskor som vill v&auml;xa i sitt ledarskap av sig sj&auml;lv och andra har grott hos alla tre initiativtagare som nu g&ouml;r verklighet av sina visioner under namnet Beyond Retreat.<\/p>\n<p>  \t<strong>Siri Wikander <\/strong>som jobbat med l&auml;rande och utveckling p&aring; bland annat Axfood och Scandic Hotels och numer &auml;r konsult ser naturen som en plats att reflektera i och komma ner i varv.<br \/>  \t&mdash; Att vara i naturen ger m&ouml;jlighet att t&auml;nka l&auml;ngre tankar, f&aring; f&ouml;rdjupad n&auml;rvaro och komma till insikt om vart jag &auml;r p&aring; v&auml;g. Vi st&aring;r alla inf&ouml;r stora utmaningar fram&ouml;ver och d&aring; tror vi att det &auml;r viktigt att utveckla sitt sj&auml;lvledarskap och bygga n&auml;tverk.<\/p>\n<div style=\"padding: 10; width: 250px; height: 375px; float: right;;  \"><img decoding=\"async\" src=\"\/Graphics\/UserFiles\/images\/Siri-Wikander-Scandic-10 (7).jpg\" style=\"width: 250px; height: 375px; dummy: right;\"  border=\"0\"><br \/><span class=\"bildtext\">Siri Wikander. Foto: Sanna Percivall.<\/span><\/div>\n<\/p>\n<p>  \t<strong>Johan Norrfj&auml;rd<\/strong> som s&auml;ger sig vara uppvuxen utomhus arbetar med chef- och ledarutveckling samt coachning av vd:ar. Han hoppas att retreaten ska resultera i konkreta beteendef&ouml;r&auml;ndringar &mdash; om deltagarna &auml;r &ouml;ppna f&ouml;r det.<br \/>  \t&mdash; Vi ska hj&auml;lpa till att skapa f&ouml;rst&aring;else f&ouml;r vad som skapar beteende och mognaden som kr&auml;vs f&ouml;r att utvecklas som ledare.<\/p>\n<p>  \t<strong>Niklas Lindhardt<\/strong> &auml;r ingenj&ouml;r och har arbetat med sj&auml;lvorganiserade bolag. Han tror att det finns en kraft i att m&ouml;tas utan masker och filter och att naturen i sig hj&auml;lper till att &ouml;ppna sinnena.<\/p>\n<p>  \t&mdash; Utvecklingspsykologin kan hj&auml;lpa oss att f&aring; f&ouml;rst&aring;else f&ouml;r de stadier som vi faller tillbaka i och hur vi d&aring; kan glida in i ett destruktivt ledarskap. N&auml;r vi &aring;ker bort utan mobilen och kommer ut i naturen s&aring; &ouml;kar chansen att viskningarna fr&aring;n hj&auml;rtat kan komma fram.<\/p>\n<p>  \t<strong>Retreaten kommer<\/strong> h&aring;llas i Fulufj&auml;llets nationalpark i tv&aring; omg&aring;ngar under vecka 33 i augusti. Vardera retreaten p&aring;g&aring;r i tre dagar och inleds med tv&aring; digitala m&ouml;ten f&ouml;r att deltagarna ska hinna l&auml;ra k&auml;nna varandra. Efter fj&auml;llvistelsen kommer ett digitalt uppsamlingsm&ouml;te ske. F&ouml;r att &ouml;ka deltagarnas sj&auml;lvinsikt &auml;r tanken att anv&auml;nda ett personlighetstest som bygger p&aring; Big five och som tydligg&ouml;r personliga drivkrafter inf&ouml;r retreaten.<\/p>\n<p>  \t<strong>Initiativtagarna<\/strong> har bokat stugor som ligger p&aring; toppen av Fulufj&auml;llet och intygar att b&aring;de vana och ovana vandrare &auml;r v&auml;lkomna. Deltagandet sker till sj&auml;lvkostnadspris och initiativtagarna har inget vinstintresse i detta.<\/p>\n<p>  \t&mdash; Vi tror p&aring; en hybrid framtid d&auml;r vi tar det b&auml;sta av de digitala och de fysiska m&ouml;tena. Det h&auml;r &auml;r v&aring;rt f&ouml;rs&ouml;k till en s&aring;dan l&ouml;sning, s&auml;ger Siri Wikander.<\/p>\n<p>  \tJENNIE JENSEN<\/p>\n<p>  \t&nbsp;<\/p>\n","protected":false},"excerpt":{"rendered":"<p>LEDARUTVECKLING. Pandemin har varit kr\u00e4vande f\u00f6r alla och inte minst f\u00f6r chefer och ledare. D\u00e4rf\u00f6r har hr-profilerna Siri Wikander och Johan Norrfj\u00e4rd tillsammans med ingenj\u00f6ren Niklas Lindhardt tagit initiativ till en retreat i fj\u00e4llmilj\u00f6. Och de g\u00f6r det utan vinstintresse. Syftet \u00e4r att skapa en m\u00f6tesplats d\u00e4r deltagarna ska f\u00e5 tillf\u00e4lle till reflektion och utveckling av sitt sj\u00e4lvledarskap.<\/p>\n","protected":false},"author":1,"featured_media":0,"comment_status":"open","ping_status":"open","sticky":false,"template":"","format":"standard","meta":{"footnotes":""},"categories":[],"tags":[],"class_list":["post-685","post","type-post","status-publish","format-standard","hentry"],"_links":{"self":[{"href":"https:\/\/testdb.wiznet.se\/index.php?rest_route=\/wp\/v2\/posts\/685","targetHints":{"allow":["GET"]}}],"collection":[{"href":"https:\/\/testdb.wiznet.se\/index.php?rest_route=\/wp\/v2\/posts"}],"about":[{"href":"https:\/\/testdb.wiznet.se\/index.php?rest_route=\/wp\/v2\/types\/post"}],"author":[{"embeddable":true,"href":"https:\/\/testdb.wiznet.se\/index.php?rest_route=\/wp\/v2\/users\/1"}],"replies":[{"embeddable":true,"href":"https:\/\/testdb.wiznet.se\/index.php?rest_route=%2Fwp%2Fv2%2Fcomments&post=685"}],"version-history":[{"count":0,"href":"https:\/\/testdb.wiznet.se\/index.php?rest_route=\/wp\/v2\/posts\/685\/revisions"}],"wp:attachment":[{"href":"https:\/\/testdb.wiznet.se\/index.php?rest_route=%2Fwp%2Fv2%2Fmedia&parent=685"}],"wp:term":[{"taxonomy":"category","embeddable":true,"href":"https:\/\/testdb.wiznet.se\/index.php?rest_route=%2Fwp%2Fv2%2Fcategories&post=685"},{"taxonomy":"post_tag","embeddable":true,"href":"https:\/\/testdb.wiznet.se\/index.php?rest_route=%2Fwp%2Fv2%2Ftags&post=685"}],"curies":[{"name":"wp","href":"https:\/\/api.w.org\/{rel}","templated":true}]}}