{"id":683,"date":"2022-05-16T01:29:02","date_gmt":"2022-05-16T01:29:02","guid":{"rendered":"https:\/\/testdb.wiznet.se\/?p=683"},"modified":"2022-05-16T01:29:02","modified_gmt":"2022-05-16T01:29:02","slug":"for-dig-som-bryr-dig-om-hr","status":"publish","type":"post","link":"https:\/\/testdb.wiznet.se\/?p=683","title":{"rendered":"F\u00f6r dig som bryr dig om HR"},"content":{"rendered":"<div>  \t<img decoding=\"async\" alt=\"\" src=\"\/Graphics\/UserFiles\/images\/HUG_Tag2_LowRes-94.jpg\" style=\"width: 1200px; height: 801px;\" \/><\/div>\n<div>  \t&nbsp;<\/div>\n<p>  \t<strong style=\"box-sizing: border-box; -webkit-tap-highlight-color: rgba(0, 0, 0, 0); font-family: Din; font-size: 16px;\"><u><a href=\"https:\/\/www.personio.com\/?utm_source=personalledarskap&amp;utm_medium=media&amp;utm_campaign=om_nl_hug_home\" target=\"_blank\" rel=\"noopener\">Personio<\/a><\/u> presenterade f&ouml;rra &aring;ret H.U.G Digital 2020 med 3 500 deltagare.<\/strong><\/p>\n<p>  \tI &aring;r &auml;r vi redo f&ouml;r omg&aring;ng tv&aring; och vi kommer att ta det till n&auml;sta niv&aring;. Personio &auml;r stolta &ouml;ver att presentera H.U.G Digital: din virtuella HR-erfarenhet mellan den 18\/20 maj 2021. Evenemanget, som &auml;r helt gratis, kommer att f&ouml;r&auml;ndra hur ni deltar i HR-konferenser.&nbsp;<\/p>\n<div>  \t&nbsp;<\/div>\n<div>  \tMen vi b&ouml;rjar med att ber&auml;tta lite mer om vad som gjorde f&ouml;rra &aring;rets evenemang s&aring; speciellt.<\/p>\n<p>  \t<strong>F&ouml;rra &aring;rets framg&aring;ngssaga<\/strong><\/div>\n<div>  \tKonferensen 2020 var en hit f&ouml;r s&aring; m&aring;nga. Totalt sett sade nio av tio att de uppskattade eventet och skulle rekommendera det till en v&auml;n eller kollega. &Aring;tta av tio sade att de &aring;kte hem med nya insikter och kunskap som kunde hj&auml;lpa dem i deras arbete.<\/p>\n<p>  \tS&aring; h&auml;r sa n&aring;gra av f&ouml;rra &aring;rets deltagare: &ldquo;Alla f&ouml;rel&auml;sningar som jag deltog i var v&auml;l f&ouml;rberedda, l&auml;tta att f&ouml;lja med i och underh&aring;llande&rdquo; och &ldquo;jag l&auml;rde mig att ta &lsquo;ledigt&rsquo; f&ouml;r virtuella events som H.U.G. Jag tycker att det var en bra blandning och jag uppskattade att det var helt gratis. Stort tack f&ouml;r det professionella arrangemanget.&rdquo;<\/p>\n<p>  \tTack vare f&ouml;rra &aring;rets succ&eacute; har vi storartade planer f&ouml;r <strong><u><a href=\"https:\/\/hug.personio.com\/h-u-g-digital\/?utm_source=personalledarskap&amp;utm_medium=media&amp;utm_campaign=om_nl_hug_hug\" target=\"_blank\" rel=\"noopener\">H.U.G Digital 2021<\/a><\/u><\/strong>. Vad kan du f&ouml;rv&auml;nta dig av &aring;rets upplaga? Det presenterar vi h&auml;r.<\/p>\n<p>  \t<strong>Vad kommer att h&auml;nda under H.U.G Digital 2021?<\/strong><\/div>\n<div>  \tP&aring; H.U.G Digital 2021 kommer vi att ha <strong><u><a href=\"https:\/\/hug.personio.com\/h-u-g-digital\/speakers\/?utm_source=personalledarskap&amp;utm_medium=media&amp;utm_campaign=om_nl_hug_speaker\" target=\"_blank\" rel=\"noopener\">50 olika talare<\/a><\/u><\/strong> och 30 olika moment som kommer att t&auml;cka en stor variation av &auml;mnen &ndash; allt med fokus p&aring; framtidens arbete. H&auml;r &auml;r ett urval av HR-personer som kommer att f&ouml;rel&auml;sa och &auml;mnena som de kommer att prata om.<\/p>\n<p>  \tF&ouml;rel&auml;sningarna kommer att h&aring;llas av n&aring;gra stora namn i branschen: Daniel Illes (personalchef, Vinted), Hamira Riaz (senior chef f&ouml;r strategiskt ledarskap f&ouml;r Volvo Group), Alexander Westerdahl (HR-chef f&ouml;r forskning och utveckling p&aring; Spotify), Sarah Thomas (personalchef, Mindful Chef), Ross Seychell (personalchef, Personio), och Chloe Palmer (personalchef, Accel).<\/p><\/div>\n<div>  \tDet kommer att vara en stor variation av h&ouml;gkvalitativa &auml;mnen med mycket intryck under eventet. Till exempel hur ett f&ouml;retag som Vinted har utvecklat och implementerat ett hanteringssystem f&ouml;r prestation inom verksamheten.<\/p>\n<p>  \tEller, introduktionen och utforskandet av Spotifys nya &ldquo;jobba var du vill&rdquo;-inst&auml;llning och samt nya inl&auml;rningsplattformen som Volvo Group har implementerat i verksamheten.<\/p>\n<p>  \tPersonio kommer att presentera en egen strategi: &ldquo;omdefiniera m&auml;nniskors upplevelse genom produktutveckling&rdquo;, som m&ouml;jligg&ouml;r f&ouml;r chefer och avdelningar inom HR att omv&auml;rdera s&auml;ttet de utvecklar, implementerar och itererar i nya projekt.<\/p>\n<p>  \tTalarna kommer ocks&aring; att diskutera &auml;mnen som f&ouml;retagskultur och v&auml;rderingar, m&aring;ngfald och inkludering och hur f&ouml;retag kan inf&ouml;rliva deras uttalade f&ouml;retagskultur.<\/p>\n<p>  \tDet kommer att vara en stor variation av perspektiv, processer och &auml;ven ledande metoder som HR-avdelningar har introducerat i sitt eget arbete. Talarna kommer att dela med sig av sina insikter via olika format, bland annat intervjuer, workshops och paneldiskussioner.<\/p>\n<p>  \tEventet kommer att finnas p&aring; tv&aring; spr&aring;k &ndash; ett p&aring; tyska och ett p&aring; engelska. Vi planerar ocks&aring; att ha moment som &auml;r speciellt avsatta f&ouml;r Spanien, Benelux- och Norden-l&auml;nderna.<\/p>\n<p>  \tSist men inte minst har vi planerat in n&aring;gra bonusmoment. Det inkluderar m&ouml;jligheter till att n&auml;tverka, delta i morgonpass med mindfulness och kulinariska kv&auml;llsprogram d&auml;r det kr&auml;vs lite fingerf&auml;rdighet. Det h&auml;r &auml;r inget vanligt HR-event ska ni veta!<\/p><\/div>\n<div>  \t<strong>H.U.G st&aring;r f&ouml;r High-Impact Unconventional Gathering<\/strong><\/p>\n<p>  \tHur vi arbetar h&aring;ller p&aring; att f&ouml;r&auml;ndras och det borde &auml;ven s&auml;ttet vi l&auml;r oss om arbete att g&ouml;ra.<\/p>\n<p>  \tF&ouml;r oss har det inneburit att arrangera ett stort okonventionellt event som f&ouml;r samman internationella HR-personer fr&aring;n olika branscher med olika befattningar. Ett event som &auml;r designat f&ouml;r att tillsammans m&ouml;ta och &ouml;vertr&auml;ffa samtidens utmaningar.<\/p>\n<p>  \tUnder evenemanget kommer ni att m&ouml;tas av okonventionella presentationer med inneh&aring;ll som ger er praktiska insikter. Det kommer ocks&aring; vara en samlingsplats som ut&ouml;kar gemenskapen inom HR. Det h&auml;r &auml;r helt enkelt r&auml;tt event f&ouml;r dig som bryr dig om HR!<\/p><\/div>\n<div>  \t<strong>Vi l&auml;ngtar efter att f&aring; se dig!<\/strong><\/p>\n<p>  \t&Ouml;ver 50 talare, fler &auml;n 30 moment och tusentals av deltagare. Om du vill n&auml;rvara beh&ouml;ver du bara h&aring;lla kolla p&aring; en siffra: 0 kr. Det &auml;r helt gratis att delta i eventet.<\/p>\n<p>  \tSom en av v&aring;ra deltagare fr&aring;n fjol&aring;ret sa: &ldquo;Stort tack f&ouml;r detta m&auml;sterverk till arrangemang. Att s&auml;tta ihop ett event som <u><strong><a href=\"https:\/\/hug.personio.com\/h-u-g-digital\/?utm_source=personalledarskap&amp;utm_medium=media&amp;utm_campaign=om_nl_hug_hug\" target=\"_blank\" rel=\"noopener\">H.U.G<\/a><\/strong><\/u> m&aring;ste ha inneburit v&auml;ldigt mycket arbete!&rdquo;<\/p>\n<p>  \tVi &auml;r h&auml;r f&ouml;r att f&ouml;r&auml;ndra s&auml;ttet du arbetar p&aring; och samtidigt f&ouml;r&auml;ndra s&auml;ttet som du deltar i konferenser. <strong><a href=\"https:\/\/hug.personio.com\/registration\/?utm_source=personalledarskap&amp;utm_medium=media&amp;utm_campaign=om_nl_hug_register\" target=\"_blank\" rel=\"noopener\"><u>Registrera dig nu<\/u><\/a><\/strong> f&ouml;r att s&auml;kra en plats. Vi hoppas att f&aring; se dig d&auml;r!<\/p>\n<p>  \t<strong>Det h&auml;r kan ocks&aring; intressera dig:&nbsp;<\/strong><\/div>\n<h4 style=\"box-sizing: border-box; -webkit-tap-highlight-color: rgba(0, 0, 0, 0);\">  \t<a href=\"https:\/\/www.personalledarskap.se\/nyheter\/sa-hjalper-personio-sma-och-medelstora-europeiska-foretag-att-lasa-upp-hrs-produktiva-potential-\/35746.pl\" target=\"_blank\" rel=\"noopener\">S&aring; hj&auml;lper Personio f&ouml;retag att l&aring;sa upp HR:s produktiva potential<\/a><\/h4>\n","protected":false},"excerpt":{"rendered":"<p>ANNONS. Personio presenterade f\u00f6rra \u00e5ret H.U.G Digital 2020 med 3 500 deltagare. Det var en plats f\u00f6r alla typer av HR-personer fr\u00e5n olika branscher som ville l\u00e4ra sig mer om hur hur framtidens arbete inom personalfr\u00e5gor och HR kan se ut.<\/p>\n","protected":false},"author":1,"featured_media":0,"comment_status":"open","ping_status":"open","sticky":false,"template":"","format":"standard","meta":{"footnotes":""},"categories":[],"tags":[],"class_list":["post-683","post","type-post","status-publish","format-standard","hentry"],"_links":{"self":[{"href":"https:\/\/testdb.wiznet.se\/index.php?rest_route=\/wp\/v2\/posts\/683","targetHints":{"allow":["GET"]}}],"collection":[{"href":"https:\/\/testdb.wiznet.se\/index.php?rest_route=\/wp\/v2\/posts"}],"about":[{"href":"https:\/\/testdb.wiznet.se\/index.php?rest_route=\/wp\/v2\/types\/post"}],"author":[{"embeddable":true,"href":"https:\/\/testdb.wiznet.se\/index.php?rest_route=\/wp\/v2\/users\/1"}],"replies":[{"embeddable":true,"href":"https:\/\/testdb.wiznet.se\/index.php?rest_route=%2Fwp%2Fv2%2Fcomments&post=683"}],"version-history":[{"count":0,"href":"https:\/\/testdb.wiznet.se\/index.php?rest_route=\/wp\/v2\/posts\/683\/revisions"}],"wp:attachment":[{"href":"https:\/\/testdb.wiznet.se\/index.php?rest_route=%2Fwp%2Fv2%2Fmedia&parent=683"}],"wp:term":[{"taxonomy":"category","embeddable":true,"href":"https:\/\/testdb.wiznet.se\/index.php?rest_route=%2Fwp%2Fv2%2Fcategories&post=683"},{"taxonomy":"post_tag","embeddable":true,"href":"https:\/\/testdb.wiznet.se\/index.php?rest_route=%2Fwp%2Fv2%2Ftags&post=683"}],"curies":[{"name":"wp","href":"https:\/\/api.w.org\/{rel}","templated":true}]}}