{"id":672,"date":"2022-05-16T01:29:01","date_gmt":"2022-05-16T01:29:01","guid":{"rendered":"https:\/\/testdb.wiznet.se\/?p=672"},"modified":"2022-05-16T01:29:01","modified_gmt":"2022-05-16T01:29:01","slug":"sa-haller-arla-ihop-kulturen-under-pandemin","status":"publish","type":"post","link":"https:\/\/testdb.wiznet.se\/?p=672","title":{"rendered":"S\u00e5 h\u00e5ller Arla ihop kulturen under pandemin"},"content":{"rendered":"<p>  \t&nbsp;<\/p>\n<div style=\"padding: 10; width: 650px; height: 488px;;  \">  \t<img decoding=\"async\" border=\"0\" src=\"\/Graphics\/UserFiles\/images\/Arla_KickOff_2021.jpg\" style=\"width: 650px; height: 488px;\" \/><br \/>  \t<span class=\"bildtext\">I b&ouml;rjan av &aring;ret arrangerade Arla en digital kickoff som spelades in i en studio och s&auml;ndes ut till medarbetarna. D&auml;r diskuterades bland annat hur kontoret kan komma att anv&auml;ndas fram&ouml;ver. &#8211; Vi tror p&aring; att anv&auml;nda de digitala m&ouml;tesformerna d&auml;r de passar b&auml;st men att varva det med fysiska m&ouml;ten d&auml;r de &auml;r b&auml;st, s&auml;ger Hanna Wallstedt, hr-direkt&ouml;r p&aring; Arla.<\/span><\/div>\n<p>  \t&nbsp;<\/p>\n<p>  \t&nbsp;<\/p>\n<p>  \tBakom kulisserna till ditt frukostbord finns en kedja av m&auml;nniskor som ser till att filen, mj&ouml;lken och osten hamnar d&auml;r den ska. Arla har ungef&auml;r 3&nbsp;500 medarbetare i Sverige och de flesta av dem arbetar p&aring; f&ouml;retagets produktionsanl&auml;ggningar. Till det kommer transport, logistik, den kommersiella organisation och alla st&ouml;dfunktioner som beh&ouml;vs f&ouml;r att mejerimaskineriet ska fungera och kontinuerligt utvecklas, pandemi eller inte.<\/p>\n<p>  \t&mdash; Det har varit ett extremt tufft och annorlunda &aring;r, men l&auml;rorikt, s&auml;ger Hanna Wallstedt som &auml;r HR-direkt&ouml;r p&aring; Arla Sverige.<\/p>\n<p>  \t<strong>Hon &auml;r glad att Arla<\/strong> redan innan pandemin hade satt ig&aring;ng med tv&auml;rfunktionella m&ouml;ten i den globala matrisorganisation man verkar i.<\/p>\n<p>  \t&nbsp;&mdash; Vi fokuserar inte bara p&aring; var och ens funktion utan f&ouml;rs&ouml;ker f&ouml;rst&aring; helheten och varandras vardag.<\/p>\n<p>  \tKrishantering &auml;r en av processerna som varit viktiga under &aring;ret. Hanna Wallstedt s&auml;ger att huvudfokus har legat p&aring; att s&auml;tta m&auml;nniskor och s&auml;kerhet f&ouml;rst, inte minst f&ouml;r alla de medarbetare som inte har valet att jobba hemma eftersom produktionen kr&auml;ver att man &auml;r p&aring; plats.<\/p>\n<p>  \t&mdash; Ute i produktionen och till v&aring;ra logistik- och f&auml;lts&auml;ljsmedarbetare var vi snabba med att implementera s&auml;kerhetsrutiner och bland annat erbjuda handsprit och munskydd, &auml;ven om Folkh&auml;lsomyndighetens rekommendationer inte alltid har varit s&aring; l&aring;ngtg&aring;ende.<\/p>\n<p>  \t<strong>F&ouml;r att snabbt komma ut<\/strong> till medarbetarna med beslut och riktlinjer har Arla jobbat med informationstavlor, poddar och digitala informationsm&ouml;ten med alla tj&auml;nstem&auml;n.<\/p>\n<p>  \t&mdash; Ur ett hr-perspektiv s&aring; kan jag se att den l&ouml;pande kommunikationen har varit nyckeln. &Auml;r det n&aring;got ens medarbetare vill se s&aring; &auml;r det ju en ledning som driver p&aring;. Det har varit viktigt f&ouml;r oss att prata om vad vi menar med safety first. Vad inneb&auml;r det f&ouml;r en tj&auml;nsteman som kan jobba hemifr&aring;n och vad inneb&auml;r det f&ouml;r en kollektivanst&auml;lld som beh&ouml;ver vara p&aring; jobbet varje dag?<\/p>\n<p>  \tMed lite perspektiv kan Hanna Wallstedt nu se att snabbheten i att ta beslut och att f&aring; ut informationen ocks&aring; har varit utmanande. I vissa fall har budskap som kommunicerats varit otydliga eller motstridiga. Det viktigaste har varit att medarbetaren ska k&auml;nna sig trygg.<\/p>\n<div style=\"padding: 10; width: 250px; height: 334px; float: right;;  \">  \t<img decoding=\"async\" border=\"0\" src=\"\/Graphics\/UserFiles\/images\/Hanna%20Wallstedt.jpg\" style=\"width: 250px; height: 334px; dummy: right;\" \/><br \/>  \t<span class=\"bildtext\">Hanna Wallstedt, hr-direkt&ouml;r Arla. Foto: Pressbild<\/span><\/div>\n<p>  \t&nbsp;<\/p>\n<p>  \t&mdash;Vi tog snabbt beslut om att st&auml;lla in alla icke n&ouml;dv&auml;ndiga aff&auml;rsresor och bes&ouml;k till v&aring;ra produktionsanl&auml;ggningar. Vi st&auml;ngde ner huvudkontoret tidigt, delvis som en test. Det fungerade. Sen har det varit &ouml;ppet f&ouml;r s&auml;rskilda behov men med tydliga s&auml;kerhetsrutiner.<\/p>\n<p>  \t<strong>Medarbetare som valde<\/strong> att helt &ouml;verg&aring; till hemmajobb fick all utrustning som kr&auml;vdes hemskickad, bland annat st&aring;bord. F&ouml;r att f&aring; en samlad bild av hur alla i organisationen m&aring;tt under corona&aring;ret har Arla skickat ut flera kortare medarbetaunders&ouml;kningar i enk&auml;tform.<\/p>\n<p>  \t&mdash; Vi f&ouml;ljer upp det fysiska och mentala v&auml;lm&aring;ende, hur chefsst&ouml;det fungerar och vilket st&ouml;d man kan beh&ouml;va f&ouml;r att klara att jobba digitalt.<\/p>\n<p>  \tFr&aring;gan om hur man h&aring;ller kulturen levande n&auml;r n&auml;stan alla kontorsarbetare g&aring;tt hem har varit h&ouml;gst aktuell under &aring;ret och p&aring; den fronten har Arla arrangerat en hel del olika digitala aktiviteter d&auml;r det sociala har varit i fokus under arbetsveckorna.<\/p>\n<p>  \t&mdash; Det har varit lunchyoga och morgonkaffe, caf&eacute;er som man kunnat checka in p&aring; och sociala aktiviteter som cookalong.<\/p>\n<p>  \t<strong>Samtidigt &auml;r Hanna Wallstedt <\/strong>medveten om att de som skulle m&aring; b&auml;st av social samvaro kan vara de som tackar nej.<br \/>  \t&mdash; Vi kan erbjuda j&auml;ttemycket men m&aring;r man inte bra s&aring; vill man inte vara med. Vi &auml;r extra noga med att alla m&aring;ste f&ouml;ljas upp.<\/p>\n<p>  \tEn del av de aktiviteterna har skett p&aring; ledningens initiativ men vissa &auml;r f&ouml;rslag fr&aring;n medarbetarna som de n&auml;mnt i medarbetarenk&auml;terna. Som en f&ouml;ljd av de f&ouml;rslagen drar man nu ig&aring;ng ett ambassad&ouml;rskap d&auml;r 26 frivilliga medarbetare st&auml;ller upp och driver initiativ inom v&auml;lm&aring;ende som &auml;r en uttalad strategisk fr&aring;ga p&aring; Arla.<\/p>\n<p>  \t&mdash; Vi jobbar med fyra omr&aring;den i v&aring;r wellbeingstrategi &rdquo;Stronger people&rdquo;: move stronger, work stronger, feel stronger och eat stronger, f&ouml;r att m&aring; &auml;nnu b&auml;ttre. Vi har ocks&aring; f&ouml;rdubblat friskv&aring;rdsbidraget f&ouml;r alla anst&auml;llda fr&aring;n och med i &aring;r.<\/p>\n<p>  \t<strong>F&ouml;r att erbjuda st&ouml;d<\/strong> har Arla bjudit in en ergonom och en psykolog som ger medarbetarna r&aring;d genom videom&ouml;te. Flertalet digitala utbildningar finns ocks&aring; f&ouml;r v&aring;ra medarbetare inom omr&aring;det mental h&auml;lsa och v&auml;lbefinnande. Cheferna har f&aring;tt st&ouml;d genom digitala utbildningar i att h&aring;lla digitala m&ouml;ten, att vara n&auml;rvarande ledare i det digitala och m&aring;let &auml;r ett empatiskt ledarskap, ber&auml;ttar Hanna Wallstedt. &nbsp;<br \/>  \t&mdash; Det &auml;r utmanande och superviktigt att ha &aring;terkommande incheckningar och inte bara prata om arbete och produktivitet utan att f&ouml;rst&aring; vad medarbetaren beh&ouml;ver. Gr&auml;nsen mellan det privata och professionella suddas ju ut. Vi tror att det &auml;r viktigt att v&aring;ra ledare kan prata om sina egna utmaningar.<\/p>\n<p>  \tVarje chef f&ouml;rv&auml;ntas ha enskilda samtal med sina medarbetare och kolleger uppmanas att ta hand om varandra, s&auml;ger Hanna Wallstedt.<\/p>\n<p>  \t&mdash; Vi kan inte bara l&auml;gga allt p&aring; cheferna. Vi har pratat mycket om sj&auml;lvledarskap och om att ta ansvar f&ouml;r sitt eget m&aring;ende och sina kolleger. Ser man att det &auml;r n&aring;gon p&aring; ett teamsm&ouml;te som ser distanserad ut, ring upp efter&aring;t.<\/p>\n<p>  \t<strong>Det har blivit fler m&ouml;ten<\/strong> &auml;n vanligt, men tiden som hr, kommunikation och ledningen lagt ner tror Hanna Wallstedt betalar sig.<\/p>\n<p>  \t&mdash; Det &auml;r ett extraordin&auml;rt l&auml;ge och vi tror att det ger mycket att vi tar reda p&aring; hur vi kan st&ouml;tta och att vi sj&auml;lva visar vad vi tycker &auml;r utmanande.<\/p>\n<p>  \tDiskussionen fram&aring;t handlar bland annat om hur Arlas forts&auml;tter den digitala transformationen, hur mycket flexibilitet Arla ska erbjuda, hur m&ouml;tesformerna ska se ut, hur kontoret ska se ut och hur de fortsatt bygger Arlas kultur<\/p>\n<p>  \t&mdash; Vi tror p&aring; att anv&auml;nda de digitala m&ouml;tesformerna d&auml;r de passar b&auml;st men att varva det med fysiska m&ouml;ten d&auml;r de &auml;r b&auml;st.<\/p>\n<p>  \t&mdash;Kontoret &auml;r viktigt f&ouml;r kulturen, interaktionen och det innovativa. N&auml;r vi &auml;r tillbaka p&aring; kontoret s&aring; vill vi ha mer social interaktion. D&aring; kan man s&ouml;ka mer kontakt med kolleger man i andra fall inte har kontakt med och hinna prata med nya. Jag tror det finns en aptit p&aring; det nu n&auml;r alla &auml;r s&aring; socialt sugna.<\/p>\n<p>  \tJENNIE JENSEN<\/p>\n<p>  \t&nbsp;<\/p>\n<p>  \t<strong>R&aring;d till HR i kristid fr&aring;n Hanna Wallstedt, hr-direkt&ouml;r p&aring; Arla<\/strong><\/p>\n<ul>\n<li>\n<p>  \t\t\tUnder en kris kan hr verkligen g&ouml;ra skillnad och ta ansvar, missa inte chansen att utnyttja det.<\/p>\n<\/li>\n<li>\n<p>  \t\t\tJobba med scenarioplanering i krisgruppen<\/p>\n<\/li>\n<li>\n<p>  \t\t\tV&auml;nta inte med att agera utan visa hela tiden att engagemanget finns d&auml;r genom att erbjuda st&ouml;d och v&aring;ga testa nya saker<\/p>\n<\/li>\n<li>\n<p>  \t\t\tSamarbeta &ouml;ver funktionsgr&auml;nserna. Hitta ett gemensamt s&auml;tt att agera.<\/p>\n<\/li>\n<li>\n<p>  \t\t\tSatsa p&aring; det empatiska ledarskapet. V&aring;ga prata om utmaningar.<\/p>\n<\/li>\n<li>\n<p>  \t\t\tM&auml;t temperaturen ofta och justera st&ouml;d och kommunikation utifr&aring;n behov. Det kan vara enkla unders&ouml;kningar som g&aring;r ut till olika pulsverktyg som ger en bra bild hur medarbetarna m&aring;r fysisk och mentalt. &nbsp;<\/p>\n<\/li>\n<li>\n<p>  \t\t\tHitta balans i att prata med de medarbetare som kan jobba hemifr&aring;n och de som m&aring;ste g&aring; till jobbet. S&aring; klart har det varit tuffare, i alla fall inledningsvis, f&ouml;r de som m&aring;ste g&aring; till jobbet.<\/p>\n<\/li>\n<li>\n<p>  \t\t\tMer fysisk r&ouml;relse och mental tr&auml;ning. Under krisen beh&ouml;ver vi t&auml;nka p&aring; kropp och sj&auml;l lite mer f&ouml;r att prestera p&aring; topp. Uppmuntra tr&auml;ning i alla dess former och skapa aktiviteter som puttar i den riktningen.<\/p>\n<\/li>\n<li>\n<p>  \t\t\tMer dialog &auml;n monolog. F&ouml;rs&ouml;k att f&aring; till s&aring; mycket interaktion och dialog som m&ouml;jligt &auml;ven om det &auml;r storm&ouml;ten. Det kan vara med hj&auml;lp av Slido d&auml;r man st&auml;ller fr&aring;gor, g&ouml;r ordmoln men ocks&aring; andra digitala och sociala verktyg som till exempel Yammer d&auml;r medarbetarna kan dela och uttrycka vad som h&auml;nder b&aring;de i sin vardag men &auml;ven professionellt.<\/p>\n<\/li>\n<\/ul>\n<p>  \t&nbsp;<\/p>\n","protected":false},"excerpt":{"rendered":"<p>KULTUR. G\u00e5r det att skapa tillh\u00f6righet trots att m\u00e5nga jobbar hemifr\u00e5n? Hanna Wallstedt, HR-direkt\u00f6r p\u00e5 Arla, ber\u00e4ttar om Arlas strategier och aktiviteter sedan pandemin br\u00f6t ut.<\/p>\n","protected":false},"author":1,"featured_media":0,"comment_status":"open","ping_status":"open","sticky":false,"template":"","format":"standard","meta":{"footnotes":""},"categories":[],"tags":[],"class_list":["post-672","post","type-post","status-publish","format-standard","hentry"],"_links":{"self":[{"href":"https:\/\/testdb.wiznet.se\/index.php?rest_route=\/wp\/v2\/posts\/672","targetHints":{"allow":["GET"]}}],"collection":[{"href":"https:\/\/testdb.wiznet.se\/index.php?rest_route=\/wp\/v2\/posts"}],"about":[{"href":"https:\/\/testdb.wiznet.se\/index.php?rest_route=\/wp\/v2\/types\/post"}],"author":[{"embeddable":true,"href":"https:\/\/testdb.wiznet.se\/index.php?rest_route=\/wp\/v2\/users\/1"}],"replies":[{"embeddable":true,"href":"https:\/\/testdb.wiznet.se\/index.php?rest_route=%2Fwp%2Fv2%2Fcomments&post=672"}],"version-history":[{"count":0,"href":"https:\/\/testdb.wiznet.se\/index.php?rest_route=\/wp\/v2\/posts\/672\/revisions"}],"wp:attachment":[{"href":"https:\/\/testdb.wiznet.se\/index.php?rest_route=%2Fwp%2Fv2%2Fmedia&parent=672"}],"wp:term":[{"taxonomy":"category","embeddable":true,"href":"https:\/\/testdb.wiznet.se\/index.php?rest_route=%2Fwp%2Fv2%2Fcategories&post=672"},{"taxonomy":"post_tag","embeddable":true,"href":"https:\/\/testdb.wiznet.se\/index.php?rest_route=%2Fwp%2Fv2%2Ftags&post=672"}],"curies":[{"name":"wp","href":"https:\/\/api.w.org\/{rel}","templated":true}]}}