{"id":669,"date":"2022-05-16T01:29:01","date_gmt":"2022-05-16T01:29:01","guid":{"rendered":"https:\/\/testdb.wiznet.se\/?p=669"},"modified":"2022-05-16T01:29:01","modified_gmt":"2022-05-16T01:29:01","slug":"sluta-behandla-foretagskulturen-styvmoderligt","status":"publish","type":"post","link":"https:\/\/testdb.wiznet.se\/?p=669","title":{"rendered":"Sluta behandla f\u00f6retagskulturen styvmoderligt"},"content":{"rendered":"<p>  \t&nbsp;<\/p>\n<div style=\"padding: 10; width: 650px; height: 488px;;  \">  \t<img decoding=\"async\" border=\"0\" src=\"\/Graphics\/UserFiles\/images\/Nyhetsbrev-Teresa.gif\" style=\"width: 650px; height: 488px;\" \/><br \/>  \t<span class=\"bildtext\">Teresa Acu&ntilde;a Lopez, organisationsutvecklare, tycker att fler borde skaffa sig en plan f&ouml;r kulturen. Foto: David Falk.<\/span><\/div>\n<p>  \t&nbsp;<\/p>\n<p>  \tVem har inte arbetat f&ouml;r ett f&ouml;retag som f&ouml;rv&auml;ntar sig att ledarna i organisationen ska st&aring; l&auml;ngst fram i ledet, vifta med sina magiska trollstavar, och skapa magi som f&aring;r medarbetarna att vilja hoppa h&ouml;gt och tacka ja till allt med ett sug efter att vilja bidra med mer.&nbsp;<\/p>\n<p>  \t<strong>Eller f&ouml;retag<\/strong> d&auml;r de l&auml;gger ner timmar och resurser p&aring; att ta fram v&auml;rderingar. V&auml;rderingar som ska symbolisera hur man vill att alla ska agera p&aring; arbetsplatsen. Vackra formade ord som ska leda medarbetarna som polstj&auml;rnan i ett evigt m&ouml;rker.&nbsp;&nbsp;<\/p>\n<p>  \tVem har inte varit med om att alla dessa initiativ faller platt? Jag tror att vi &auml;r m&aring;nga som kan s&auml;tta check p&aring; den.&nbsp;<\/p>\n<p>  \t<strong>S&aring; varf&ouml;r faller det platt?<\/strong> Jo, f&ouml;r heml&auml;xan inte &auml;r gjord.&nbsp;F&ouml;retagskulturen &auml;r grunden till allt. Den &auml;r starkare &auml;n vilken v&auml;rdering eller&nbsp;tagline&nbsp;ni kan t&auml;nkas hitta p&aring;. Den gror i lunchrummet, p&aring; m&aring;ndagsm&ouml;tet och&nbsp;AW:n.&nbsp;Den kan st&auml;rka ert f&ouml;retag och ta er mot himlavalven d&auml;r medarbetarna spricker av stolthet och pengar rullar in som de ska. Men den kan ocks&aring; sprida sig som en smitta d&auml;r &auml;ven den mest engagerade medarbetaren blir gr&aring; och faller in i ledet, blir sjuk eller slutar.&nbsp;&nbsp;<\/p>\n<p>  \t<strong>Min erfarenhet s&auml;ger mig <\/strong>att majoriteten av f&ouml;retag l&aring;ter f&ouml;retagskulturen ske utan att man har en plan f&ouml;r den. De har inte f&ouml;rst&aring;tt att f&ouml;retagskulturen best&aring;r av alla arbetss&auml;tt och beteenden som man har i f&ouml;retaget. Som ledning tror man att det r&auml;cker med en AW eller en blomma n&auml;r man fyller &aring;r. F&ouml;r det &auml;r v&auml;l det som menas med kultur? Eller?&nbsp;<\/p>\n<p>  \t<strong>Det man d&auml;remot g&ouml;r<\/strong> &auml;r att man l&auml;gger ned tid och resurser p&aring; att skapa aff&auml;rsplaner, marknadsstrategier och v&auml;rdegrunder. Ibland har man kommit s&aring; l&aring;ngt att man pratar om att f&ouml;retagskulturen &auml;r viktigt&nbsp;men sen lever ledningen inte som man l&auml;r eller markerar inte mot ageranden som medarbetarna har. Till exempel&nbsp;&rdquo;H&auml;r visar vi respekt f&ouml;r varandra&rdquo;&nbsp;men &auml;nd&aring; s&aring; markerar ingen n&auml;r samma medarbetare kommer sent varje g&aring;ng. Eller &rdquo;H&auml;r &auml;r alla lika v&auml;rda&rdquo;&nbsp;men s&aring; f&aring;r ledningen de finaste rummen p&aring; konferensen. Sn&auml;lla ni i ledningsgruppen,&nbsp;ni m&aring;ste bli mer medvetna om vad era beteenden och arbetss&auml;tt symboliserar.&nbsp;&nbsp;<\/p>\n<p>  \t<strong>Fler och fler studier<\/strong> visar p&aring;, speciellt nu i en pandemi, att f&ouml;retagskulturen &auml;r viktigare &auml;n n&aring;gonsin. Det rapporteras om att den psykiska oh&auml;lsan &auml;r h&ouml;gre &auml;n p&aring; m&aring;nga &aring;r. Ni beh&ouml;ver rannsaka er sj&auml;lva om ni har en kultur som ni kan st&aring; f&ouml;r, d&auml;r medarbetarna k&auml;nner arbetsgl&auml;dje, eller om ni sminkar grisen. Ni beh&ouml;ver b&ouml;rja arbeta strategiskt med er kultur oavsett om ni sitter p&aring; distans eller inte. Det finns faktiskt inget att skylla p&aring; och ni har inte r&aring;d att v&auml;nta. Punkt!&nbsp;&nbsp;<\/p>\n<p>  \t<strong>Slutligen till er styrelser, <\/strong>ledningsgrupper och&nbsp;vd:ar&nbsp;som beh&ouml;ver ytterligare motivation till att satsa p&aring; er f&ouml;retagskultur och t&auml;nker &rdquo;What&rsquo;s&nbsp;in it for&nbsp;us?&rdquo;. Svaret p&aring; fr&aring;gan&nbsp;&auml;r: Money, lots&nbsp;of&nbsp;money!&nbsp;&nbsp;<\/p>\n<p>  \tTERESA ACU&Ntilde;A LOPEZ<br \/>  \t<em>Organisationsutvecklare och grundare till Culture by Design&nbsp;<\/em><\/p>\n<p>  \t&nbsp;<\/p>\n<p>  \t&nbsp;<\/p>\n","protected":false},"excerpt":{"rendered":"<p>G\u00c4STKR\u00d6NIKA. Varf\u00f6r faller ofta kultursatsningar och v\u00e4rdegrundsformuleringar platt? M\u00e5nga organisationer l\u00e5ter kulturen frodas utan att ha en plan f\u00f6r den, skriver v\u00e5r g\u00e4stkr\u00f6nik\u00f6r Teresa Acu\u00f1a Lopez och f\u00f6resl\u00e5r l\u00f6sningar.<\/p>\n","protected":false},"author":1,"featured_media":0,"comment_status":"open","ping_status":"open","sticky":false,"template":"","format":"standard","meta":{"footnotes":""},"categories":[],"tags":[],"class_list":["post-669","post","type-post","status-publish","format-standard","hentry"],"_links":{"self":[{"href":"https:\/\/testdb.wiznet.se\/index.php?rest_route=\/wp\/v2\/posts\/669","targetHints":{"allow":["GET"]}}],"collection":[{"href":"https:\/\/testdb.wiznet.se\/index.php?rest_route=\/wp\/v2\/posts"}],"about":[{"href":"https:\/\/testdb.wiznet.se\/index.php?rest_route=\/wp\/v2\/types\/post"}],"author":[{"embeddable":true,"href":"https:\/\/testdb.wiznet.se\/index.php?rest_route=\/wp\/v2\/users\/1"}],"replies":[{"embeddable":true,"href":"https:\/\/testdb.wiznet.se\/index.php?rest_route=%2Fwp%2Fv2%2Fcomments&post=669"}],"version-history":[{"count":0,"href":"https:\/\/testdb.wiznet.se\/index.php?rest_route=\/wp\/v2\/posts\/669\/revisions"}],"wp:attachment":[{"href":"https:\/\/testdb.wiznet.se\/index.php?rest_route=%2Fwp%2Fv2%2Fmedia&parent=669"}],"wp:term":[{"taxonomy":"category","embeddable":true,"href":"https:\/\/testdb.wiznet.se\/index.php?rest_route=%2Fwp%2Fv2%2Fcategories&post=669"},{"taxonomy":"post_tag","embeddable":true,"href":"https:\/\/testdb.wiznet.se\/index.php?rest_route=%2Fwp%2Fv2%2Ftags&post=669"}],"curies":[{"name":"wp","href":"https:\/\/api.w.org\/{rel}","templated":true}]}}