{"id":668,"date":"2022-05-16T01:29:01","date_gmt":"2022-05-16T01:29:01","guid":{"rendered":"https:\/\/testdb.wiznet.se\/?p=668"},"modified":"2022-05-16T01:29:01","modified_gmt":"2022-05-16T01:29:01","slug":"pl-startar-samarbete-med-hr-digitaliseringspodden","status":"publish","type":"post","link":"https:\/\/testdb.wiznet.se\/?p=668","title":{"rendered":"P&#038;L startar samarbete med Hr-digitaliseringspodden"},"content":{"rendered":"<p>  \t&nbsp;<\/p>\n<div style=\"padding: 10; width: 650px; height: 297px;;  \">  \t<img decoding=\"async\" border=\"0\" src=\"\/Graphics\/UserFiles\/images\/priyanka-singh-Jt72_opb38I-unsplash.jpg\" style=\"width: 650px; height: 297px;\" \/><br \/>  \t<span class=\"bildtext\">Nu inleder P&amp;L samarbete med HR Digitaliseringspodden.<\/span><\/div>\n<p>  \t&nbsp;<\/p>\n<p>  \t<strong>Varf&ouml;r ska man lyssna p&aring; podden?<\/strong><\/p>\n<p>  \t&minus; Tanken &auml;r att ta upp fr&aring;gest&auml;llningar som du som jobbar med hr kanske inte riktigt v&aring;gat fr&aring;ga om. Vad &auml;r egentligen digitalisering? Varf&ouml;r ska vi digitalisera, f&ouml;r vem och vad &auml;r m&ouml;jligt med tekniken idag. Och vad inneb&auml;r begrepp som molntj&auml;nster, Big Data och Artificiell Intelligens &#8211; egentligen?<\/p>\n<p>  \t<strong>Vad &auml;r din bakgrund inom tech?<\/strong><\/p>\n<p>  \t&minus; Jag har de senaste 30 &aring;ren jobbat i m&aring;nga olika roller inom it-branschen och alltid haft fokus p&aring; vad tekniken kan ge f&ouml;r verksamhetsnytta. N&auml;r jag jobbade p&aring; it-bolaget IBM fick vi till exempel tidigt l&auml;ra oss hur AI fungerar f&ouml;r att vi skulle kunna vara tolkar ute i v&auml;rlden. De senaste 10 &aring;ren har mitt fokus varit hr och hr-tech och nu hj&auml;lper jag som konsult organisationer att digitalisera.&nbsp;<\/p>\n<p>  \t<strong>S&auml;songens f&ouml;rsta avsnitt handlar om de senaste trenderna inom hr-tech. Vilka &auml;r de?<\/strong><\/p>\n<p>  \t&minus;En tydlig trend &auml;r att det &auml;r allt fler som har rollen hr-tech strateg eller hr-tech specialist. I och med att takten i digitaliseringen blir allt h&ouml;gre s&aring; m&aring;ste f&ouml;retag ha en levande techmilj&ouml; f&ouml;r hr. Det g&aring;r inte att ta in en plattform och tro att nu &auml;r allt fixat tio &aring;r fram&aring;t, tyv&auml;rr. Produktomr&aring;den som &auml;r heta &auml;r till exempel learning&nbsp; och workforce planning med ett nytt t&auml;nk som kallas marketplace. I USA erbjuder man ocks&aring; ett koncept I l&ouml;nesystemet som kallas on-demand pay vilket jag undrar varf&ouml;r det inte finns n&aring;got liknande i Sverige &auml;nnu.<\/p>\n<p>  \t<strong>Missa inget. <\/strong>Lyssna p&aring; hela avsnittet. HR-digitaliseringspodden finns d&auml;r poddar finns och numer p&aring; P&amp;L sajt.<\/p>\n<p>  \tREDAKTIONEN<\/p>\n<p>  \t<a href=\"https:\/\/poddtoppen.se\/podcast\/1479098064\/hr-digitaliseringspodden\/omvarldsspaning-usa-och-ovriga-varlden\"><span style=\"font-family: -apple-system, BlinkMacSystemFont, &quot;Segoe UI&quot;, Roboto, Oxygen, Ubuntu, Cantarell, &quot;Fira Sans&quot;, &quot;Droid Sans&quot;, &quot;Helvetica Neue&quot;, sans-serif;\">Lyssna p&aring; s&auml;songens f&ouml;rsta avsnitt d&auml;r Anna Carlsson, Cecilia Ahrman Rasmussen och Stina &Aring;kerlind summerar och diskuterar de insikter de fick med sig fr&aring;n senaste HR Technology Conference.&nbsp;<\/span><\/a><\/p>\n<p>  \t&nbsp;<\/p>\n","protected":false},"excerpt":{"rendered":"<p>SAMARBETE. Nu kommer ni l\u00e4sare \u00e4ven kunna lyssna. Personal&#038;Ledarskap har inlett samarbete med HR Digitaliseringspodden. Grundaren Anna Carlsson blir ocks\u00e5 v\u00e5r tech-expert och svarar p\u00e5 fr\u00e5gor om hr och digitalisering.<\/p>\n","protected":false},"author":1,"featured_media":0,"comment_status":"open","ping_status":"open","sticky":false,"template":"","format":"standard","meta":{"footnotes":""},"categories":[],"tags":[],"class_list":["post-668","post","type-post","status-publish","format-standard","hentry"],"_links":{"self":[{"href":"https:\/\/testdb.wiznet.se\/index.php?rest_route=\/wp\/v2\/posts\/668","targetHints":{"allow":["GET"]}}],"collection":[{"href":"https:\/\/testdb.wiznet.se\/index.php?rest_route=\/wp\/v2\/posts"}],"about":[{"href":"https:\/\/testdb.wiznet.se\/index.php?rest_route=\/wp\/v2\/types\/post"}],"author":[{"embeddable":true,"href":"https:\/\/testdb.wiznet.se\/index.php?rest_route=\/wp\/v2\/users\/1"}],"replies":[{"embeddable":true,"href":"https:\/\/testdb.wiznet.se\/index.php?rest_route=%2Fwp%2Fv2%2Fcomments&post=668"}],"version-history":[{"count":0,"href":"https:\/\/testdb.wiznet.se\/index.php?rest_route=\/wp\/v2\/posts\/668\/revisions"}],"wp:attachment":[{"href":"https:\/\/testdb.wiznet.se\/index.php?rest_route=%2Fwp%2Fv2%2Fmedia&parent=668"}],"wp:term":[{"taxonomy":"category","embeddable":true,"href":"https:\/\/testdb.wiznet.se\/index.php?rest_route=%2Fwp%2Fv2%2Fcategories&post=668"},{"taxonomy":"post_tag","embeddable":true,"href":"https:\/\/testdb.wiznet.se\/index.php?rest_route=%2Fwp%2Fv2%2Ftags&post=668"}],"curies":[{"name":"wp","href":"https:\/\/api.w.org\/{rel}","templated":true}]}}