{"id":667,"date":"2022-05-16T01:29:01","date_gmt":"2022-05-16T01:29:01","guid":{"rendered":"https:\/\/testdb.wiznet.se\/?p=667"},"modified":"2022-05-16T01:29:01","modified_gmt":"2022-05-16T01:29:01","slug":"kan-arbetsgivaren-tvinga-sina-medarbetare-att-vaccinera-sig","status":"publish","type":"post","link":"https:\/\/testdb.wiznet.se\/?p=667","title":{"rendered":"Kan arbetsgivaren tvinga sina medarbetare att vaccinera sig?"},"content":{"rendered":"<p>  \t<img decoding=\"async\" alt=\"\" src=\"\/Graphics\/UserFiles\/images\/sdlrgxZOu9uE60-nh(1).jpg\" style=\"width: 650px; height: 438px;\" \/><span class=\"bildtext\">Foto: Johan Nilsson\/ TT<\/span><\/p>\n<p>  \t<strong>F&ouml;r s&aring;v&auml;l arbetsgivare <\/strong>som arbetstagare &auml;r fr&aring;gan om vaccination mot covid-19 viktig. En arbetsgivare kan av b&aring;de verksamhetssk&auml;l och arbetsmilj&ouml;sk&auml;l vara angel&auml;gen om att arbetstagarna vaccinerar sig mot covid-19. En arbetstagare kan ha synpunkter om vaccination i allm&auml;nhet och naturligt uppleva att det &auml;r en viktig integritetsfr&aring;ga att f&ouml;rfoga &ouml;ver beslut om vaccination.<\/p>\n<p>  \tVad kan d&aring; s&auml;gas arbetsr&auml;ttsligt i denna fr&aring;ga? Tv&aring; grundl&auml;ggande konstateranden b&ouml;r g&ouml;ras f&ouml;r att besvara fr&aring;gan.<\/p>\n<p>  \t<strong>F&ouml;r det f&ouml;rsta <\/strong>kan tvekl&ouml;st konstateras att en arbetsgivare inte kan (i arbetsr&auml;ttslig mening) beordra en arbetstagare att ta vaccinationssprutan. Det kan s&aring;ledes inte betraktas som en &rdquo;arbetsv&auml;gran&rdquo; om arbetstagaren inte vill l&aring;ta sig vaccineras. Detta konstaterande g&auml;ller s&aring;v&auml;l privatanst&auml;llda som offentligt anst&auml;llda, &auml;ven om det finns n&aring;got olika r&auml;ttsliga grunder f&ouml;r olika kategorier av arbetstagare.<\/p>\n<p>  \t<strong>F&ouml;r det andra<\/strong> &auml;r det ocks&aring; sj&auml;lvklart att vaccination ber&ouml;r en m&auml;nniskas personliga integritet. Fr&aring;gan &auml;r d&auml;rmed om en arbetsgivare &ouml;verhuvudtaget kan formulera krav i arbetet som ber&ouml;r den personliga integriteten.<\/p>\n<div style=\"padding: 10; width: 143px; height: 184px; float: right;;  \">  \t<img decoding=\"async\" border=\"0\" src=\"\/Graphics\/UserFiles\/images\/beskuren Ilseskog-280x184(1).jpg\" style=\"width: 143px; height: 184px; dummy: right;\" \/><br \/>  \t<span class=\"bildtext\">Tommy Iseskog. <\/span><\/div>\n<p>  \t&nbsp;<\/p>\n<p>  \tI princip &auml;r svaret p&aring; den fr&aring;gan att vi har ett antal tydliga exempel p&aring; att en arbetsgivare b&aring;de kan och (i vissa fall) &auml;r skyldig att formulera krav i arbetet eller i utf&ouml;randet av arbetet; krav som onekligen r&ouml;r och ber&ouml;r arbetstagarens personliga integritet. Ett tydligt s&aring;dant exempel handlar om arbetarskydd, t.ex. personlig skyddsutrustning (hj&auml;lm, skyddsskor etc.). En arbetstagare kan exempelvis av religi&ouml;sa eller etniska sk&auml;l uppleva ett s&aring;dant krav som integritetsp&aring;verkande (eller till och med kr&auml;nkande). Likv&auml;l kr&auml;ver arbetsmilj&ouml;lagen att arbetsgivaren till&auml;mpar dylika krav. Olika krav om alkohol- och andra drogtester &auml;r andra exempel p&aring; integritetsp&aring;verkande &aring;tg&auml;rder. &Auml;ven om regelverk (och kollektivavtal) &auml;r n&aring;got olika utformade i just dessa h&auml;nseenden f&ouml;r olika delar av arbetsmarknaden, &auml;r den gemensamma n&auml;mnaren att arbetsgivaren i princip kan st&auml;lla krav p&aring; deltagande fr&aring;n arbetstagarens sida, om &aring;tg&auml;rden ifr&aring;ga har arbetsmilj&ouml;- eller annan s&auml;kerhetsgrund.<\/p>\n<p>  \t<strong>Ett spektakul&auml;rt<\/strong> exempel p&aring; krav i arbetet med en integritetsp&aring;verkande effekt illustrerades i r&auml;ttsfallet AD 2017 nr 23. I den domen (som handlade om diskriminering p&aring; grund av religion) konstaterade Arbetsdomstolen att en arbetsgivare (region) kunde kr&auml;va av en barnmorska att hon skulle utf&ouml;ra abortarbetsuppgifter, trots att hon p&aring; grund av sin religi&ouml;sa tro inte ville utf&ouml;ra s&aring;dana arbetsuppgifter. Arbetsdomstolen grundade sitt st&auml;llningstagande p&aring; att verksamheten motiverade (av h&auml;nsyn till tredje man) att alla arbetstagare anst&auml;llda som barnmorskor kunde utf&ouml;ra alla de arbetsuppgifter som kunde s&auml;gas ing&aring; i arbetsskyldigheten. Arbetsgivarens krav utgjorde d&auml;rmed inte en diskriminerande handling.<\/p>\n<p>  \t<strong>Mot bakgrund av<\/strong> ovanst&aring;ende noteringar kan jag sammanfattningsvis konstatera f&ouml;ljande i vaccinationsfr&aring;gan r&ouml;rande covid-19.<\/p>\n<p>  \tOm verksamheten (arbetsuppgifterna) med inriktning mot tredje man motiverar att ber&ouml;rda arbetstagare &ndash; i syfte att skydda tredje man &ndash; &auml;r vaccinerade, torde arbetsgivaren kunna konstatera att arbetstagare som inte l&aring;ter sig vaccineras inte kan utf&ouml;ra s&aring;dana arbetsuppgifter; arbetstagaren blir i arbetsr&auml;ttslig mening inkompetent f&ouml;r dessa arbetsuppgifter. &Auml;ven om inkompetensen kan s&auml;gas vara sj&auml;lvf&ouml;rv&aring;llad, &auml;r det min bed&ouml;mning att arbetsgivaren m&aring;ste unders&ouml;ka omplaceringsm&ouml;jlighet, eftersom det handlar om ett integritetsp&aring;verkande krav. Om omplaceringsm&ouml;jlighet saknas, kan resultatet bli att arbetsgivaren har saklig grund f&ouml;r upps&auml;gning.<\/p>\n<p>  \t<strong>Detsamma kan <\/strong>s&auml;gas g&auml;lla om det fr&aring;n arbetsmilj&ouml;synpunkt (smittorisk i arbetsmilj&ouml;n f&ouml;r andra arbetstagare eller personer som omfattas av arbetsmilj&ouml;lagen) &auml;r motiverat att kr&auml;va vaccination, eftersom en arbetsgivare &auml;r skyldig (enligt arbetsmilj&ouml;lagen) att vidta alla &aring;tg&auml;rder som beh&ouml;vs f&ouml;r att undvika risker f&ouml;r skada eller oh&auml;lsa i arbetet (se 3 kap. 2 &sect; arbetsmilj&ouml;lagen). Det sistn&auml;mnda handlar allts&aring; om att man i verksamheten inte kan eliminera smittorisken genom andra skydds&aring;tg&auml;rder eller exempelvis distansarbete.<\/p>\n<p>  \t&nbsp;<\/p>\n<p>  \tTOMMY ISESKOG&nbsp;<\/p>\n<p>  \tArbetsr&auml;ttsexpert.<\/p>\n<p>  \t&nbsp;<\/p>\n<p>  \t<a href=\"https:\/\/www.lag-avtal.se\/fraga-experten\/kan-arbetsgivaren-krava-att-jag-vaccinerar-mig-7009025\">S&aring;h&auml;r svarar experterna p&aring; Lag&amp;Avtal p&aring; fr&aring;gan om arbetsgivaren kan kr&auml;va vaccinering.<\/a><\/p>\n<div>  \t&nbsp;<\/div>\n<div>  \t&nbsp;<\/div>\n<div>  \t&nbsp;<\/div>\n","protected":false},"excerpt":{"rendered":"<p>EXPERTEN. En arbetsgivare kan av b\u00e5de verksamhetssk\u00e4l och arbetsmilj\u00f6sk\u00e4l vara angel\u00e4gen om att arbetstagarna vaccinerar sig mot covid-19. Vaccination ber\u00f6r dock en m\u00e4nniskas personliga integritet. V\u00e5r expert Tommy Iseskog reder h\u00e4r ut vad som g\u00e4ller.<\/p>\n","protected":false},"author":1,"featured_media":0,"comment_status":"open","ping_status":"open","sticky":false,"template":"","format":"standard","meta":{"footnotes":""},"categories":[],"tags":[],"class_list":["post-667","post","type-post","status-publish","format-standard","hentry"],"_links":{"self":[{"href":"https:\/\/testdb.wiznet.se\/index.php?rest_route=\/wp\/v2\/posts\/667","targetHints":{"allow":["GET"]}}],"collection":[{"href":"https:\/\/testdb.wiznet.se\/index.php?rest_route=\/wp\/v2\/posts"}],"about":[{"href":"https:\/\/testdb.wiznet.se\/index.php?rest_route=\/wp\/v2\/types\/post"}],"author":[{"embeddable":true,"href":"https:\/\/testdb.wiznet.se\/index.php?rest_route=\/wp\/v2\/users\/1"}],"replies":[{"embeddable":true,"href":"https:\/\/testdb.wiznet.se\/index.php?rest_route=%2Fwp%2Fv2%2Fcomments&post=667"}],"version-history":[{"count":0,"href":"https:\/\/testdb.wiznet.se\/index.php?rest_route=\/wp\/v2\/posts\/667\/revisions"}],"wp:attachment":[{"href":"https:\/\/testdb.wiznet.se\/index.php?rest_route=%2Fwp%2Fv2%2Fmedia&parent=667"}],"wp:term":[{"taxonomy":"category","embeddable":true,"href":"https:\/\/testdb.wiznet.se\/index.php?rest_route=%2Fwp%2Fv2%2Fcategories&post=667"},{"taxonomy":"post_tag","embeddable":true,"href":"https:\/\/testdb.wiznet.se\/index.php?rest_route=%2Fwp%2Fv2%2Ftags&post=667"}],"curies":[{"name":"wp","href":"https:\/\/api.w.org\/{rel}","templated":true}]}}