{"id":663,"date":"2022-05-16T01:29:01","date_gmt":"2022-05-16T01:29:01","guid":{"rendered":"https:\/\/testdb.wiznet.se\/?p=663"},"modified":"2022-05-16T01:29:01","modified_gmt":"2022-05-16T01:29:01","slug":"vardelosa-varderingar","status":"publish","type":"post","link":"https:\/\/testdb.wiznet.se\/?p=663","title":{"rendered":"V\u00e4rdel\u00f6sa v\u00e4rderingar"},"content":{"rendered":"<p>  \tD&aring; var det dags igen. En ny v&auml;rdegrund ska tas fram. Den h&auml;r g&aring;ngen har ni slagit p&aring; stort. Alla medarbetare &auml;r samlade i en fin alpstuga i Schweiz (pre-corona f&ouml;rst&aring;s). Yllekoftor, blusar och polotr&ouml;jor tr&auml;ngs alla i ett stort samlingsrum och inv&auml;ntar dagens agenda. Knappt hinner doften av gl&uuml;wein l&auml;gga sig innan VDn inleder eftermiddagen. Talet b&ouml;rjar n&aring;got i stil med &rdquo;t&auml;nk vad vi har &aring;stadkommit detta &aring;r&rdquo; och avslutas med &rdquo;vilken fantastisk resa vi har framf&ouml;r oss&rdquo;.&nbsp; En &ouml;verentusiastisk konsult tar &ouml;ver och river av en powerpoint som visar bilder p&aring; glada m&auml;nniskor och fr&ouml;n som v&auml;xer till blommor. Allt med syftet att entusiasmera inf&ouml;r dagens workshop. X antal timmar senare har ni &auml;ntligen enats. Er organisation st&aring;r f&ouml;r samarbete, transparens, innovation och engagemang. F&auml;rdigt! Eller?<\/p>\n<div style=\"padding: 10; width: 200px; height: 267px; float: right;;  \">  \t<img decoding=\"async\" border=\"0\" src=\"\/Graphics\/UserFiles\/images\/webbAngela-Nihlen-foto-David-Falk.jpg\" style=\"width: 200px; height: 267px; dummy: right;\" \/><br \/>  \t<span class=\"bildtext\">Angela Nihl&eacute;n. Foto David Falk<\/span><\/div>\n<p>  \t&nbsp;<\/p>\n<p>  \t<strong>De flesta f&ouml;retag har <\/strong>fortfarande inte en aning om hur man ska arbeta med sin v&auml;rdegrund. Det l&auml;ggs massor av resurser p&aring; tidskr&auml;vande och kostsamma v&auml;rdegrundsarbeten utan n&aring;gon kunskap i hur man sen integrerar den bland medarbetare och g&ouml;r den till en del av kulturen. I de flesta fall slutar det med att v&auml;rdeorden pryder konferensv&auml;ggarna som en p&aring;minnelse om fina ambitioner och bortkastad tid.&nbsp;&nbsp;<\/p>\n<p>  \tEn v&auml;n till mig satt i ett l&ouml;nesamtal och blev ombedd att skatta sig sj&auml;lv i respektive v&auml;rdeord samt komma med konkreta exempel p&aring; hur hon anv&auml;nt dessa i sitt arbete. Till exempel fick hon fr&aring;gan hur mycket hon sj&auml;lv tyckte hon bidrog till f&ouml;retagets innovation. Min v&auml;n, som &auml;r en extremt kreativ person, k&auml;nde hur frustrationen v&auml;xte inombords. Hon hade n&auml;mligen l&auml;nge f&ouml;rs&ouml;kt att f&aring; till ett bra forum d&auml;r man kunde bolla och &rdquo;pitcha&rdquo; nya id&eacute;er, utan att f&aring; n&aring;got geh&ouml;r f&ouml;r detta. Alla projekt hon arbetade med hade dessutom korta deadlines och f&ouml;rmedlades konsekvent med d&aring;lig framf&ouml;rh&aring;llning. Majoriteten av hennes arbetstid gick d&auml;rmed till att sl&auml;cka br&auml;nder. Till saken h&ouml;r &auml;ven att chefen i fr&aring;ga inte alls var speciellt &ouml;ppen eller villig att ta emot f&ouml;rslag p&aring; nya arbetss&auml;tt eller id&eacute;er till utveckling utan f&ouml;redrog oftast att g&ouml;ra saker p&aring; samma gamla vanliga s&auml;tt. Sannolikt fanns d&auml;r en r&auml;dsla f&ouml;r att f&ouml;r&auml;ndra. Naturligtvis lyfte min v&auml;n allt detta i samtalet men sj&auml;lvinsikten var t&auml;mligen l&aring;g och chefen st&auml;llde sig mest fr&aring;gande till hennes upplevelse. N&auml;mnde jag en r&auml;dsla f&ouml;r att f&ouml;r&auml;ndra?<\/p>\n<p>  \t<strong>Exemplet ovan vittnar om en okunskap<\/strong> i vad det inneb&auml;r att arbeta v&auml;rderingsdrivet. Tyv&auml;rr &auml;r exemplet inte s&aring; ovanligt, som man kanske skulle &ouml;nska. Oavsett om ni kallar det v&auml;rdegrund, v&auml;rderingar, v&auml;rdeord eller principer &auml;r de t&auml;nkt att hj&auml;lpa till att s&auml;tta ord p&aring; vad ni som organisation vill st&aring; f&ouml;r. Ett s&auml;tt att hitta samsyn och enighet kring vad som &auml;r r&auml;tt och fel i ert sammanhang. Er identitet som f&ouml;retag.<\/p>\n<p>  \tAtt arbeta v&auml;rderingsdrivet handlar om att, som arbetsgivare, <em>m&ouml;jligg&ouml;ra<\/em> f&ouml;r medarbetare att kunna agera enligt v&auml;rdeorden. Memorera m&ouml;jligg&ouml;ra. Precis det som saknades i exemplet med min v&auml;n. L&auml;mna plattityder som &rdquo;h&ouml;gt i tak&rdquo;, &rdquo;innovativt&rdquo; och &rdquo;transparent&rdquo;. Fundera ist&auml;llet p&aring; vad ni som arbetsgivare g&ouml;r f&ouml;r att man som medarbetare ska k&auml;nna att det &auml;r h&ouml;gt i tak, innovativt, och p&aring; vilket s&auml;tt ni menar att ni &auml;r transparenta. Var er egen dj&auml;vulens advokat. G&ouml;r er heml&auml;xa!<\/p>\n<p>  \t<strong>Varje tillf&auml;lle som det<\/strong> tas fram nya arbetss&auml;tt eller g&ouml;rs n&aring;gon form av f&ouml;r&auml;ndring i organisationen ska ni fr&aring;gad er om det g&aring;r i linje med f&ouml;retagets v&auml;rderingar. Om inte, omforma den f&ouml;r att b&auml;ttre passa verksamheten eller genomf&ouml;r den inte alls. F&ouml;rst d&aring; blir arbetet v&auml;rderingsdrivet, p&aring; riktigt.&nbsp;<\/p>\n<p>  \tV&auml;nd ocks&aring;, f&ouml;r guds skull, blicken mot er sj&auml;lva! Det absolut vanligaste misstaget n&auml;r f&ouml;retag ska arbeta v&auml;rderingsdrivet &auml;r n&auml;mligen att ledningen inte sj&auml;lva lever efter v&auml;rderingarna. Man s&auml;ger en sak, men g&ouml;r n&aring;got annat. Ett klassiskt recept f&ouml;r att mista f&ouml;rtroende. F&ouml;rst n&auml;r ledning och ledare arbetar och agerar efter f&ouml;retagets v&auml;rdegrund &auml;r det relevant att titta p&aring; &ouml;vriga organisationen. Att g&ouml;ra p&aring; annat s&auml;tt &auml;r ren idioti!<\/p>\n<p>  \t<strong>Alldeles f&ouml;r m&aring;nga <\/strong>l&auml;gger ist&auml;llet fokus p&aring; att p&aring; olika s&auml;tt p&aring;minna medarbetarna om vilka v&auml;rderingar det &auml;r som g&auml;ller. Orden m&aring;las upp p&aring; kontorsv&auml;ggar, trycks p&aring; kaffemuggar, anv&auml;nds som teman f&ouml;r workshops, lyfts i medarbetarunders&ouml;kningar och f&ouml;ljs upp under l&ouml;nesamtal mm. Ledningen tjatar till f&ouml;rbannelse och undrar varf&ouml;r ingenting h&auml;nder.<\/p>\n<p>  \t<strong>Men, v&auml;rdeorden &auml;r <\/strong>inget medarbetaren ska l&auml;ra sig utantill. V&auml;rdeorden ska ist&auml;llet vara n&aring;got som medarbetarna upplever och spontant anv&auml;nder f&ouml;r att beskriva er som arbetsgivare f&ouml;r andra. Det kallas Employee advocacy. Medarbetaren sk&ouml;ter marknadsf&ouml;ringen och varum&auml;rkesbyggandet &aring;t er.<\/p>\n<p>  \tInte f&ouml;r att ni sagt &aring;t dem, inte f&ouml;r att de m&aring;ste, utan f&ouml;r att de sj&auml;lva vill.&nbsp;<\/p>\n<p>  \t&nbsp;<\/p>\n<p>  \tANGELA NIHL&Egrave;N<\/p>\n<p>  \tOrganisationsutvecklare p&aring; Culture by Design<\/p>\n<p>  \t&nbsp;<\/p>\n<p>  \t&nbsp;<\/p>\n<p>  \t&nbsp;<\/p>\n<p>  \t&nbsp;<\/p>\n","protected":false},"excerpt":{"rendered":"<p>G\u00c4STKR\u00d6NIKA. L\u00e4mna plattityderna.  Fundera ist\u00e4llet p\u00e5 vad ni som arbetsgivare g\u00f6r f\u00f6r att man som medarbetare ska k\u00e4nna att det \u00e4r h\u00f6gt i tak, innovativt, och p\u00e5 vilket s\u00e4tt ni menar att ni \u00e4r transparenta. Det skriver Angela Nihl\u00e9n i sin g\u00e4stkr\u00f6nika.<\/p>\n","protected":false},"author":1,"featured_media":0,"comment_status":"open","ping_status":"open","sticky":false,"template":"","format":"standard","meta":{"footnotes":""},"categories":[],"tags":[],"class_list":["post-663","post","type-post","status-publish","format-standard","hentry"],"_links":{"self":[{"href":"https:\/\/testdb.wiznet.se\/index.php?rest_route=\/wp\/v2\/posts\/663","targetHints":{"allow":["GET"]}}],"collection":[{"href":"https:\/\/testdb.wiznet.se\/index.php?rest_route=\/wp\/v2\/posts"}],"about":[{"href":"https:\/\/testdb.wiznet.se\/index.php?rest_route=\/wp\/v2\/types\/post"}],"author":[{"embeddable":true,"href":"https:\/\/testdb.wiznet.se\/index.php?rest_route=\/wp\/v2\/users\/1"}],"replies":[{"embeddable":true,"href":"https:\/\/testdb.wiznet.se\/index.php?rest_route=%2Fwp%2Fv2%2Fcomments&post=663"}],"version-history":[{"count":0,"href":"https:\/\/testdb.wiznet.se\/index.php?rest_route=\/wp\/v2\/posts\/663\/revisions"}],"wp:attachment":[{"href":"https:\/\/testdb.wiznet.se\/index.php?rest_route=%2Fwp%2Fv2%2Fmedia&parent=663"}],"wp:term":[{"taxonomy":"category","embeddable":true,"href":"https:\/\/testdb.wiznet.se\/index.php?rest_route=%2Fwp%2Fv2%2Fcategories&post=663"},{"taxonomy":"post_tag","embeddable":true,"href":"https:\/\/testdb.wiznet.se\/index.php?rest_route=%2Fwp%2Fv2%2Ftags&post=663"}],"curies":[{"name":"wp","href":"https:\/\/api.w.org\/{rel}","templated":true}]}}