{"id":60,"date":"2022-05-16T01:28:33","date_gmt":"2022-05-16T01:28:33","guid":{"rendered":"https:\/\/testdb.wiznet.se\/?p=60"},"modified":"2022-05-16T01:28:33","modified_gmt":"2022-05-16T01:28:33","slug":"saknar-hr-orienterad-debatt-om-digital-hr","status":"publish","type":"post","link":"https:\/\/testdb.wiznet.se\/?p=60","title":{"rendered":"Saknar hr-orienterad debatt om digital hr"},"content":{"rendered":"<p>  \tVi vill tacka Geoffroy de Lestrange f&ouml;r att han <a href=\"http:\/\/www.personalledarskap.se\/nyheter\/svar-pa-digital-hr-som-hot\/34254.pl\">uppm&auml;rksammar fr&aring;gan om digital hr<\/a> och <a href=\"http:\/\/www.personalledarskap.se\/nyheter\/digital-hr-som-hot\/34203.pl\">v&aring;r debattartikel<\/a> i P&amp;L nr 2.<\/p>\n<p>  \tVi vill betona att vi ser fram emot den tekniska utvecklingen, men saknar en hr-orienterad debatt om integritet, gr&auml;nsdragningar och effekter f&ouml;r motivation och arbetsmilj&ouml;. H&auml;r borde hr verkligen finnas med, bevaka och agera inom omr&aring;det, f&ouml;r annars bli vi snart likt fabelns kokta grodor, som anpassar sig till d&ouml;ds.&nbsp;<\/p>\n<p>  \tVi tror att det &auml;r viktigt att hr tar en diskussion av fem sk&auml;l:<\/p>\n<p>  \t<strong>F&ouml;r det f&ouml;rsta &auml;r digital hr<\/strong> en v&auml;xande j&auml;tteindustri. Stora ekonomiska intressen st&aring;r p&aring; spel. Fr&aring;gan &auml;r hur anpassade dessa intressen &auml;r till forskningen om m&auml;nniskans grundl&auml;ggande behov av bekr&auml;ftelse, utveckling och respekt.<\/p>\n<p>  \tI dag har vi organisationer d&auml;r kortsiktigt ekonomiska aggressiva intressen lett till att stressen n&aring;tt s&aring;dana niv&aring;er att sjukskrivning och psykisk oh&auml;lsa skenar. Att alltid kunna bli sedd, kontrollerad och &ouml;vervakad tror vi kan spela en stor roll f&ouml;r den situation som vi har i dag.<\/p>\n<p>  \t<strong>F&ouml;r det andra omg&auml;rdas <\/strong>all teknisk utveckling av b&aring;de icke f&ouml;rv&auml;ntade och s&aring; kallade perversa effekter. Det g&aring;r s&auml;llan som man t&auml;nkt sig, ofta h&auml;nder saker som ingen kan f&ouml;ruts&auml;ga. Eller att man rent av uppn&aring;r det man absolut inte villa &aring;stadkomma.<\/p>\n<p>  \tJ&auml;mf&ouml;r med &rdquo;det pappersl&ouml;sa kontoret&rdquo; d&auml;r effekten blev att papperskonsumtionen i Sverige steg till oanade h&ouml;jder. Eftersom&nbsp;de Lestrange&nbsp;har ett intresse av att s&auml;lja sina produkter, &auml;r det f&ouml;rst&aring;eligt om han f&ouml;rs&ouml;ker ligga lite l&aring;gt i den fr&aring;gan.<\/p>\n<p>  \tEn annan effekt av detta &auml;r det vi lyfter fram i v&aring;r debattartikel. &Auml;r det h&auml;r vad medarbetarna vill ha, g&ouml;r det arbetet roligare och mer utmanande och &ouml;kar trivseln med nya it-system.<\/p>\n<p>  \t<strong>F<\/strong><strong>&ouml;r det tredje handlar det om<\/strong> integritetsfr&aring;gan.&nbsp;de Lestrange&nbsp;f&ouml;rs&ouml;ker vifta undan denna oerh&ouml;rt viktiga fr&aring;ga. Men vi tror, &aring;terigen, att hr m&aring;ste ta tag i diskussionen om vi M&Aring;STE veta allt om medarbetarna, deras tankar och f&ouml;rehavande bara f&ouml;r att it g&ouml;r det m&ouml;jlig.<\/p>\n<p>  \t<strong>F<\/strong><strong>&ouml;r det fj&auml;rde &auml;r ett av chefers <\/strong>stora problem att h&aring;lla reda p&aring; de 17 system som organisationer redan har (i genomsnitt). Fr&aring;gan &auml;r om ett ytterligare it-system &auml;r vad &ouml;verlastade chefer verkligen beh&ouml;ver. &Auml;r det ett klokt bidrag fr&aring;n hr.<\/p>\n<p>  \t<strong>F&ouml;r det femte<\/strong><strong> visar forskning<\/strong> fr&aring;n Lunds universitet (i Ingenj&ouml;rskarri&auml;r 2\/10, 2012) att fikapauser (med eller utan bullar) och kloka samtal ger b&auml;ttre kunskaps&ouml;verf&ouml;ring &auml;n nya it-system. Alla dagar i veckan.<\/p>\n<p>  \t<strong>Till sist vill vi tacka Geoffroy<\/strong> de Lestrange som (enligt Linkedin) bor i Paris och representerar ett globalt multinationellt f&ouml;retag inom digital hr f&ouml;r att han har tagit sig tid att kommentera v&aring;r artikel. Fr&aring;gan &auml;r kanske st&ouml;rre &auml;n vi trodde.<\/p>\n<p>  \tMAGNUS DALSVALL, HR-akuten<\/p>\n<p>  \tKJELL LINDSTR&Ouml;M, Noden<\/p>\n","protected":false},"excerpt":{"rendered":"<p>INL\u00c4GGET  Magnus Dalsvall och Kjell Lindstr\u00f6m saknar fortfarande en hr-orienterad debatt om integritet, gr\u00e4nsdragningar och effekter f\u00f6r motivation och arbetsmilj\u00f6. H\u00e4r svarar de p\u00e5 svaret p\u00e5 deras inl\u00e4gg i P&#038;L nr 2.<\/p>\n","protected":false},"author":1,"featured_media":0,"comment_status":"open","ping_status":"open","sticky":false,"template":"","format":"standard","meta":{"footnotes":""},"categories":[],"tags":[],"class_list":["post-60","post","type-post","status-publish","format-standard","hentry"],"_links":{"self":[{"href":"https:\/\/testdb.wiznet.se\/index.php?rest_route=\/wp\/v2\/posts\/60","targetHints":{"allow":["GET"]}}],"collection":[{"href":"https:\/\/testdb.wiznet.se\/index.php?rest_route=\/wp\/v2\/posts"}],"about":[{"href":"https:\/\/testdb.wiznet.se\/index.php?rest_route=\/wp\/v2\/types\/post"}],"author":[{"embeddable":true,"href":"https:\/\/testdb.wiznet.se\/index.php?rest_route=\/wp\/v2\/users\/1"}],"replies":[{"embeddable":true,"href":"https:\/\/testdb.wiznet.se\/index.php?rest_route=%2Fwp%2Fv2%2Fcomments&post=60"}],"version-history":[{"count":0,"href":"https:\/\/testdb.wiznet.se\/index.php?rest_route=\/wp\/v2\/posts\/60\/revisions"}],"wp:attachment":[{"href":"https:\/\/testdb.wiznet.se\/index.php?rest_route=%2Fwp%2Fv2%2Fmedia&parent=60"}],"wp:term":[{"taxonomy":"category","embeddable":true,"href":"https:\/\/testdb.wiznet.se\/index.php?rest_route=%2Fwp%2Fv2%2Fcategories&post=60"},{"taxonomy":"post_tag","embeddable":true,"href":"https:\/\/testdb.wiznet.se\/index.php?rest_route=%2Fwp%2Fv2%2Ftags&post=60"}],"curies":[{"name":"wp","href":"https:\/\/api.w.org\/{rel}","templated":true}]}}