{"id":57,"date":"2022-05-16T01:28:33","date_gmt":"2022-05-16T01:28:33","guid":{"rendered":"https:\/\/testdb.wiznet.se\/?p=57"},"modified":"2022-05-16T01:28:33","modified_gmt":"2022-05-16T01:28:33","slug":"spanar-om-framtidens-arbetsmarknad","status":"publish","type":"post","link":"https:\/\/testdb.wiznet.se\/?p=57","title":{"rendered":"Spanar om framtidens arbetsmarknad"},"content":{"rendered":"<p>  \tKommer datorerna att g&ouml;ra h&auml;lften av alla v&aring;ra jobb om tv&aring; decennier? Vad inneb&auml;r en v&auml;rld som blir alltmer globaliserad?&nbsp; Det undrade Samh&auml;llskontraktet, en samverkan mellan M&auml;lardalens H&ouml;gskola och Eskilstuna kommun, V&auml;ster&aring;s stad och landstingen V&auml;stmanland och S&ouml;rmland.&nbsp;&nbsp;&nbsp;&nbsp;&nbsp;&nbsp; &nbsp;<\/p>\n<p>  \tDe gav forskaren Eva Lindell i uppdrag att g&ouml;ra en &ouml;versikt av de vetenskapliga studier som finns om framtidens arbetsmarknad och samtidigt unders&ouml;ka massmedias ber&auml;ttelse om hur jobben i framtiden kommer att se ut.<\/p>\n<p>  \tGenom att belysa vetenskapliga studier och hur dessa beskrivs i mass&shy;medier har Eva Lindell f&aring;tt fram en &ouml;versikt av den bild vi serveras och hon ser problem med att tyngdpunkten ligger p&aring; vissa &auml;mnen medan andra gl&ouml;ms bort. Det kan enligt henne skapa os&auml;kerhet och ge hoppl&ouml;shet hos dem som &auml;r utanf&ouml;r arbetsmarknaden.<\/p>\n<p>  \t<strong>Den mest omskrivna vetenskapliga studien <\/strong>om framtidens arbetsmarknad &auml;r Osbornes och Freys fr&aring;n 2013 The future of employment. Den handlar om att h&auml;lften av alla jobb som utf&ouml;rs p&aring; arbetsmarknaden i dag teoretiskt skulle kunna ers&auml;ttas av datorer och robotar inom 20 &aring;r. Enligt Eva Lindell beskrevs studien i massmedierna som n&aring;got som faktiskt skulle h&auml;nda. &nbsp;<\/p>\n<p>  \t&ndash; Kruxet med framtiden &auml;r att vi inte vet hur den kommer att se ut men tittar man p&aring; hur deras studie anv&auml;nds i massmedia s&aring; beskrivs den ofta som om det vore fakta. Man skriver &rdquo;H&auml;lften av alla jobb ska automatiseras&rdquo; och &rdquo;n&auml;r h&auml;lften av alla jobb digitaliseras&rdquo;, s&auml;ger Eva Lindell.<\/p>\n<p>  \tOsbornes och Freys studie tar inte h&auml;nsyn till f&ouml;r&auml;ndringar utan bara till de arbetsuppgifter som i dag&nbsp; finns p&aring; arbetsmarknaden enligt Eva Lindell. Och vad &auml;r egentligen arbete fr&aring;gar hon och menar att synen p&aring; arbete f&ouml;r&auml;ndrats under historien. Digitaliseringen inneb&auml;r allts&aring; inte n&ouml;dv&auml;ndigtvis att h&auml;lften av alla kommer att bli arbetsl&ouml;sa. Och diskussionen hade dessutom kunnat vara den motsatta p&aring;pekar hon. &nbsp;<\/p>\n<p>  \t&ndash; Vi skulle ocks&aring; kunna prata om att arbeta h&auml;lften s&aring; mycket. D&aring; skulle diskussionen f&aring; handla om att f&ouml;rdela det kapital som finns i samh&auml;llet i st&auml;llet f&ouml;r att handla om f&ouml;rdelning av arbete. &nbsp;<\/p>\n<p>  \t<strong>F&ouml;r nu handlar debatten om konkurrens<\/strong> om jobben, s&auml;ger Eva Lindell, och trenden i samh&auml;llet &auml;r att vi jobbar mer och mer n&auml;r det skulle kunna vara det motsatta.<\/p>\n<p>  \t&ndash; Om vi jobbar mer men behovet av arbete i samh&auml;llet minskar, d&aring; f&aring;r vi en polarisering. Vilka i samh&auml;llet kommer att bli vinnare och f&aring; de h&auml;r jobben och vilka kommer att vara f&ouml;rlorare?<\/p>\n<p>  \tOch hur kommer jobben att se ut? Globaliseringen och digitaliseringen g&ouml;r att f&ouml;retagen upplever ett &ouml;kat krav p&aring; att vara mer flexibla f&ouml;r att kunna konkurrera med andra, enligt Eva Lindell.<\/p>\n<p>  \t&ndash; Och d&aring; trycker man ut det kravet p&aring; sina anst&auml;llda genom att erbjuda mer visstidsanst&auml;llningar, jobb p&aring; timme, frilansarbete. Detta drabbar &auml;ven arbetstagarnas familjer vilket ger en stor grupp m&auml;nniskor med ett v&auml;ldigt os&auml;kert arbetsliv d&auml;r trygghetssystemen inte f&ouml;ljer med.<\/p>\n<p>  \tEva Lindell anv&auml;nder begreppet flexibilisering och den skapar allts&aring; os&auml;kerhet enligt Eva Lindell och hon fr&aring;gar sig var m&auml;nniskor ska hitta sin identitet och trygghet n&auml;r jobbidentiteten bryts upp f&ouml;r stora grupper.<\/p>\n<p>  \t<strong>Just digitalisering, globalisering<\/strong> och flexibilisering &auml;r de tre &ouml;vergripande teman som Eva Lindell s&aring;g i sitt material. Hon pratar om dessa teman utifr&aring;n begreppet diskurs, n&aring;got hon f&ouml;rklarar som de gemensamma bilder och f&ouml;rest&auml;llningar vi har om fenomen.<\/p>\n<p>  \t&ndash; Till exempel n&auml;r jag s&auml;ger att jag &auml;r doktorand och jobbar p&aring; en h&ouml;gskola anv&auml;nder jag mig av en diskurs kring vetenskap, jag beh&ouml;ver inte f&ouml;rklara f&ouml;r dig att jag har en l&aring;ng utbildning och har l&auml;st m&aring;nga b&ouml;cker.<\/p>\n<p>  \tDiskurserna kan vara problematiska enligt Eva Lindell och ger hastighet p&aring; arbetsmarknaden som ett exempel, att allting g&aring;r v&auml;ldigt fort. &nbsp;<\/p>\n<p>  \t&ndash; N&auml;r vi anv&auml;nder oss av hastighet som en diskurs i relation till framtidens arbetsmarknad kan vi missa att skriva om det som &auml;r l&aring;ngsamt, tr&ouml;gr&ouml;rligt och stabilt. Tittar man p&aring; vad massmedia skriver om framtidens arbetsmarknad st&aring;r det till exempel v&auml;ldigt lite om den k&ouml;nssegregerade arbetsmarknaden.<\/p>\n<p>  \tHon exemplifierar med bristyrkena ingenj&ouml;rer och sjuksk&ouml;terskor.<\/p>\n<p>  \t&ndash; Vi har redan i dag en v&auml;ldig k&ouml;nsuppdelad arbetsmarknad. Hur kommer det att se ut i framtiden? Jag kan se att vi skriver om att vi vill ha fler kvinnor som s&ouml;ker ingenj&ouml;rsutbildningen men vi pratar mindre om att fler m&auml;n borde s&ouml;ka till undersk&ouml;terska.<\/p>\n<p>  \tI diskursen &auml;r det kvinnorna som ska f&ouml;r&auml;ndras och likadant &auml;r det i debatten om deltid.s&auml;ger Eva Lindell och ger ett alternativt s&auml;tt att prata om framtidens arbetsmarknad:<\/p>\n<p>  \t&ndash; T&auml;nk om vi i st&auml;llet skulle s&auml;ga, att det &auml;r toppen att s&aring; m&aring;nga kvinnor jobbar deltid. Hur ska vi f&aring; m&auml;nnen att jobba lika mycket deltid och vara hemma mer med sina barn?<\/p>\n<p>  \t<strong>En annan tystnad som finns i massmedia<\/strong> men som finns med i den teoretiska litteraturen, det &auml;r milj&ouml;fr&aring;gan i relation till framtidens arbetsmarknad. I den teoretiska litteraturen presenteras milj&ouml;omr&aring;det som en m&ouml;jlighet, ett omr&aring;de d&auml;r det finns ett enormt behov av arbete ber&auml;ttar Eva Lindell. Men i massmedia beskrivs arbetsmarknaden som en fr&aring;ga och milj&ouml;omr&aring;det som en helt annan. Och den ensidiga bilden &auml;r problematisk, n&aring;got Eva Lindell sj&auml;lv m&ouml;ter n&auml;r hon undervisar p&aring; M&auml;lardalens h&ouml;gskola.<\/p>\n<p>  \t&ndash; Jag upplever att ungdomar i dag &auml;r oroliga f&ouml;r framtidens arbetsmarknad. Kommer vi att f&aring; n&aring;gra jobb, hur kommer de se ut? Om vi visar upp en bild av att 50 procent av alla jobb f&ouml;rsvinner d&aring; p&aring;verkar det de val m&auml;nniskor g&ouml;r och deras hoppfullhet.<\/p>\n<p>  \tDen andra delrapporten blev klar under h&ouml;sten 2015 och b&aring;da &auml;r presenterade f&ouml;r b&aring;de politiker och tj&auml;nstem&auml;n. Tanken &auml;r att de ska anv&auml;ndas som underlag f&ouml;r regionens offentliga akt&ouml;rer att kunna f&ouml;ra diskussioner om framtiden.<\/p>\n<p>  \t&ndash; Vilka fr&aring;gor ska vi st&auml;lla oss om f&ouml;r&auml;ndringar, vad finns det f&ouml;r hot och m&ouml;jligheter beskrivet i teoretisk litteratur och massmedia. Vad &auml;r det f&ouml;r bilder som reproduceras i massmedia?<\/p>\n<p>  \tEva Lindell tror att vi m&aring;ste ge hopp till dem som &auml;r unga i Sverige i dag och inte bara genom att s&auml;ga att alla ska bli entrepren&ouml;rer.<\/p>\n<p>  \t&ndash; Att ge hopp om en meningsfull framtid, det tror jag &auml;r grejen f&ouml;r oss som &auml;r yrkesverksamma i dag. Milj&ouml;fr&aring;gan kan vara en s&aring;dan, d&auml;r finns ett enormt behov av arbete. &bull;<\/p>\n<p>  \t<strong>Eva Lindell&raquo;<\/strong><br \/>  \tEva Lindell tog sin magisterexamen fr&aring;n personalvetarprogrammet vid G&ouml;teborgs universitet &aring;r 2000 och har d&auml;refter arbetat med personalfr&aring;gor bland annat i S&ouml;dert&auml;lje kommun och vid M&auml;lardalens h&ouml;gskola.<\/p>\n<p>  \t&Aring;r 2009 p&aring;b&ouml;rjade hon sitt avhandlingsarbete som handlar om studieval till f&ouml;retagsekonomiska utbildningar.<\/p>\n<p>  \tEva &auml;r verksam i forskargruppen Nya Managementpraktiker (NMP) vid Akademin f&ouml;r ekonomi, samh&auml;lle och teknik, M&auml;lardalens h&ouml;gskola.<\/p>\n<p>  \tRapporterna kan du l&auml;sa <a href=\"http:\/\/www.mdh.se\/est\/personal\/foa\/2.4067\">h&auml;r<\/a>. Det g&aring;r ocks&aring; bra att mejla <a href=\"mailto:eva.lindell@mdh.se\">Eva Lindell<\/a>.<\/p>\n<p>  \t<span class=\"pagefooter\">ELSA FRIZELL<\/span><\/p>\n","protected":false},"excerpt":{"rendered":"<p>Bilden som m\u00e5las upp i medierna av framtidens arbetsmarknad \u00e4r ensidig. Det s\u00e4ger forskaren Eva Lindell som tycker att det finns alternativa s\u00e4tt att prata om arbete, bristyrken och deltid.<\/p>\n","protected":false},"author":1,"featured_media":0,"comment_status":"open","ping_status":"open","sticky":false,"template":"","format":"standard","meta":{"footnotes":""},"categories":[],"tags":[],"class_list":["post-57","post","type-post","status-publish","format-standard","hentry"],"_links":{"self":[{"href":"https:\/\/testdb.wiznet.se\/index.php?rest_route=\/wp\/v2\/posts\/57","targetHints":{"allow":["GET"]}}],"collection":[{"href":"https:\/\/testdb.wiznet.se\/index.php?rest_route=\/wp\/v2\/posts"}],"about":[{"href":"https:\/\/testdb.wiznet.se\/index.php?rest_route=\/wp\/v2\/types\/post"}],"author":[{"embeddable":true,"href":"https:\/\/testdb.wiznet.se\/index.php?rest_route=\/wp\/v2\/users\/1"}],"replies":[{"embeddable":true,"href":"https:\/\/testdb.wiznet.se\/index.php?rest_route=%2Fwp%2Fv2%2Fcomments&post=57"}],"version-history":[{"count":0,"href":"https:\/\/testdb.wiznet.se\/index.php?rest_route=\/wp\/v2\/posts\/57\/revisions"}],"wp:attachment":[{"href":"https:\/\/testdb.wiznet.se\/index.php?rest_route=%2Fwp%2Fv2%2Fmedia&parent=57"}],"wp:term":[{"taxonomy":"category","embeddable":true,"href":"https:\/\/testdb.wiznet.se\/index.php?rest_route=%2Fwp%2Fv2%2Fcategories&post=57"},{"taxonomy":"post_tag","embeddable":true,"href":"https:\/\/testdb.wiznet.se\/index.php?rest_route=%2Fwp%2Fv2%2Ftags&post=57"}],"curies":[{"name":"wp","href":"https:\/\/api.w.org\/{rel}","templated":true}]}}