{"id":54,"date":"2022-05-16T01:28:33","date_gmt":"2022-05-16T01:28:33","guid":{"rendered":"https:\/\/testdb.wiznet.se\/?p=54"},"modified":"2022-05-16T01:28:33","modified_gmt":"2022-05-16T01:28:33","slug":"chefen-ska-ingripa-i-gruppkonflikter","status":"publish","type":"post","link":"https:\/\/testdb.wiznet.se\/?p=54","title":{"rendered":"Chefen ska ingripa i gruppkonflikter"},"content":{"rendered":"<p>  \tHan &auml;r docent och universitetslektor i arbetsvetenskap vid G&ouml;teborgs universitet och konsult med eget f&ouml;retag. Han har skrivit flera b&ouml;cker om konflikthantering och ocks&aring; skapat webbplatsen socav.gu.se\/arbetsplatskonflikt, d&auml;r han samlat kunskap och verktyg f&ouml;r konfliktl&ouml;sning fr&aring;n 20 &aring;rs forskning och egen erfarenhet.<br \/>  \tThomas Jordan h&auml;nvisar till den norska organisationskonsulten Gro Johnsrud Langslet, som menar att &aring;tta av tio konflikter kan l&ouml;sas utan att n&aring;gon inblandad tvingas l&auml;mna arbetsplatsen.<br \/>  \t&ndash; Konflikter p&aring; arbetsplatsen som hanteras p&aring; ett d&aring;ligt s&auml;tt, eller inte alls, leder till frustration och negativt arbetsklimat, l&auml;gre effektivitet och s&auml;mre kvalitet p&aring; arbetet. I v&auml;rsta fall till h&auml;lsoproblem, s&auml;ger Thomas Jordan.<\/p>\n<p>  \tKonflikter i arbetsgruppen &auml;r jobbiga, det vet alla som varit inblandade i en. Men de beh&ouml;ver inte vara av ondo.<br \/>  \t&ndash; Konflikter visar att m&auml;nniskor vill f&ouml;r&auml;ndra n&aring;got. D&auml;rf&ouml;r &auml;r de ocks&aring; resurser att ta tillvara. En konstruktivt hanterad konflikt kan utveckla organisationen och verksamheten, tydligg&ouml;ra rollf&ouml;rdelningen och &ouml;ka den &ouml;msesidiga f&ouml;rst&aring;elsen och tilliten.<br \/>  \tThomas Jordan menar att man har allt att vinna p&aring; att g&ouml;ra en grundlig uppdragsformulering n&auml;r en konflikthantering planeras.<br \/>  \t&ndash; En tydlig formulering av uppdraget, d&auml;r f&ouml;ruts&auml;ttningar, metod, ramar och syfte framg&aring;r, &auml;r j&auml;tteviktig. Det &auml;r l&auml;ttare f&ouml;r deltagarna att ge sig in i processen om tillv&auml;gag&aring;ngss&auml;ttet presenteras tydligt i inledningen. Ofta finns en oro att b&ouml;rja prata om det som &auml;r jobbigt om man inte k&auml;nner att det finns en struktur och man inte vet vart det kommer att ta v&auml;gen, s&auml;ger han.<\/p>\n<p>  \tSom medarbetare kan man inte s&auml;ga nej till att delta i en konflikthantering, anser Thomas Jordan.<br \/>  \t&nbsp;&ndash; Det &auml;r inte frivilligt. P&aring; en arbetsplats &auml;r det snarare en sj&auml;lvklarhet och alla inblandades ansvar att delta, s&auml;ger han.<br \/>  \tJag fr&aring;gar vad som &auml;r den vanligaste fr&aring;gan fr&aring;n chefsh&aring;ll n&auml;r det g&auml;ller konflikter.<br \/>  \t&ndash; N&auml;r man ska ingripa, och n&auml;r man ska l&aring;ta det vara f&ouml;r att inte bl&aring;sa upp n&aring;got, s&auml;ger Thomas Jordan.<br \/>  \t&ndash; Men det &auml;r inte fr&aring;gan om &rdquo;om&rdquo; och &rdquo;n&auml;r&rdquo; man ska ingripa som chef, f&ouml;r det ska man. Det &auml;r fr&aring;gan om &rdquo;hur&rdquo; man g&ouml;r det. Man kan v&auml;lja vilken niv&aring; man l&auml;gger sin intervention p&aring;. Man kan till exempel s&auml;ga &rdquo;Det k&auml;nns som att det h&auml;nt n&aring;got med st&auml;mningen h&auml;r&rdquo;, bara f&ouml;r att signalera att man som chef m&auml;rker att n&aring;got h&auml;nder och att man &auml;r &ouml;ppen f&ouml;r att lyssna.<\/p>\n<p>  \tN&auml;r man n&aring;tt s&aring; l&aring;ngt att en uppdragsformulering &auml;r gjord &auml;r n&auml;sta steg<br \/>  \tatt b&ouml;rja arbeta enligt gruppmedlingens fem faser. F&ouml;rst s&auml;tts ramarna genom att det g&ouml;rs ett kontrakt med deltagarna om hur konflikthanteringen ska g&aring; till. Sedan ska korten upp p&aring; bordet, vilket inneb&auml;r en inventering av hur olika inblandade ser p&aring; situationen.<br \/>  \tI fas tre bearbetas konflikten genom att den goda viljan mobiliseras: Vad beh&ouml;ver h&auml;nda f&ouml;r att konflikten ska redas ut?<br \/>  \tEfter det &auml;r det dags f&ouml;r l&ouml;sningsf&ouml;rslag och d&aring; g&auml;ller det att alla &auml;r kreativa. Avslutningsvis g&ouml;rs en &ouml;verenskommelse som &auml;r s&aring; konkret och realistisk som m&ouml;jligt. D&aring; s&auml;tter man ocks&aring; upp tid f&ouml;r uppf&ouml;ljning.<br \/>  \t&ndash; G&ouml;r insatser som g&ouml;r deltagarna aktiva och ansvariga. L&aring;t alla presentera sig sj&auml;lva, uppmuntra dem till att g&aring; fram och skriva p&aring; bl&auml;dderblock vad de hoppas ska h&auml;nda och vad de har f&ouml;r farh&aring;gor, vad som inte f&aring;r h&auml;nda. Be alla att formulera vad som &auml;r deras personliga bidrag till att l&ouml;sa konflikten och f&ouml;rb&auml;ttra arbetsklimatet, uppmanar Thomas Jordan.<br \/>  \tDet som s&auml;gs omformuleras sedan till behov. Exempelvis: &rdquo;Det &auml;r s&aring; mycket st&ouml;rande ljud i kontorslandskapet hela tiden &ndash; ingen visar n&aring;gon h&auml;nsyn&rdquo;, omformuleras till: &rdquo;Jag beh&ouml;ver arbetsro och en lugnare arbetsmilj&ouml;&rdquo;.<br \/>  \t&ndash; F&aring;r man sina behov h&ouml;rda i gruppen lugnar det limbiska systemet i kroppen ned sig och det blir en st&auml;mning som g&ouml;r det l&auml;ttare att hitta l&ouml;sningar.<br \/>  \tThomas Jordan framh&aring;ller ocks&aring; vikten av att ha rimliga f&ouml;rv&auml;ntningar p&aring; varandra i en arbetsgrupp, inte minst f&ouml;r att man s&auml;llan valt varandra fr&aring;n b&ouml;rjan.<br \/>  \t&ndash; M&aring;let kanske inte beh&ouml;ver vara att det ska bli idealiskt. Det kan r&auml;cka l&aring;ngt att det blir dr&auml;gligt och att arbetet fungerar, s&auml;ger han.<br \/>  \tHan r&aring;der till att h&aring;lla fokus p&aring; systemniv&aring;n vid konflikthantering, att agera tidigt, men inte dra f&ouml;rhastade slutsatser.<br \/>  \t&ndash; Den st&ouml;rsta fallgropen &auml;r att man tror att man vet vad, och ofta vem, som &auml;r problemet. Det kan vara fruktansv&auml;rt destruktivt.<\/p>\n<p>  \tKonflikter som bottnar i en d&aring;lig relation d&auml;r man samlat p&aring; sig en massa negativa erfarenheter av varandra, &auml;r oftast sv&aring;rast att l&ouml;sa enligt Thomas Jordans erfarenhet.<br \/>  \t&ndash; Men det kan g&aring;. H&auml;r handlar det om att parterna beh&ouml;ver f&ouml;rst&aring; varandras upplevelser och behov b&auml;ttre. I tvister som handlar om roller och sakfr&aring;gor &auml;r det oftast l&auml;ttare att komma till skott och hitta l&ouml;sningar.<br \/>  \tOavsett vilken typ av konflikt som &auml;r aktuell &auml;r det viktigt att facilitatorn &auml;r opartisk och professionell, &auml;ven om hen &auml;r arbetsgivarens representant, avslutar Thomas Jordan. &bull;<\/p>\n<p>  \t<span class=\"pagefooter\">ULRICA AMBJ&Ouml;RN<\/span><\/p>\n","protected":false},"excerpt":{"rendered":"<p>De flesta konflikter i en arbetsgrupp g\u00e5r att l\u00f6sa utan att n\u00e5gon av de inblandade parterna m\u00e5ste l\u00e4mna arbetsplatsen. Det menar Thomas Jordan.<\/p>\n","protected":false},"author":1,"featured_media":0,"comment_status":"open","ping_status":"open","sticky":false,"template":"","format":"standard","meta":{"footnotes":""},"categories":[],"tags":[],"class_list":["post-54","post","type-post","status-publish","format-standard","hentry"],"_links":{"self":[{"href":"https:\/\/testdb.wiznet.se\/index.php?rest_route=\/wp\/v2\/posts\/54","targetHints":{"allow":["GET"]}}],"collection":[{"href":"https:\/\/testdb.wiznet.se\/index.php?rest_route=\/wp\/v2\/posts"}],"about":[{"href":"https:\/\/testdb.wiznet.se\/index.php?rest_route=\/wp\/v2\/types\/post"}],"author":[{"embeddable":true,"href":"https:\/\/testdb.wiznet.se\/index.php?rest_route=\/wp\/v2\/users\/1"}],"replies":[{"embeddable":true,"href":"https:\/\/testdb.wiznet.se\/index.php?rest_route=%2Fwp%2Fv2%2Fcomments&post=54"}],"version-history":[{"count":0,"href":"https:\/\/testdb.wiznet.se\/index.php?rest_route=\/wp\/v2\/posts\/54\/revisions"}],"wp:attachment":[{"href":"https:\/\/testdb.wiznet.se\/index.php?rest_route=%2Fwp%2Fv2%2Fmedia&parent=54"}],"wp:term":[{"taxonomy":"category","embeddable":true,"href":"https:\/\/testdb.wiznet.se\/index.php?rest_route=%2Fwp%2Fv2%2Fcategories&post=54"},{"taxonomy":"post_tag","embeddable":true,"href":"https:\/\/testdb.wiznet.se\/index.php?rest_route=%2Fwp%2Fv2%2Ftags&post=54"}],"curies":[{"name":"wp","href":"https:\/\/api.w.org\/{rel}","templated":true}]}}