{"id":51,"date":"2022-05-16T01:28:33","date_gmt":"2022-05-16T01:28:33","guid":{"rendered":"https:\/\/testdb.wiznet.se\/?p=51"},"modified":"2022-05-16T01:28:33","modified_gmt":"2022-05-16T01:28:33","slug":"ung-chef-i-motvind","status":"publish","type":"post","link":"https:\/\/testdb.wiznet.se\/?p=51","title":{"rendered":"Ung chef i motvind"},"content":{"rendered":"<p style=\"box-sizing: border-box; -webkit-tap-highlight-color: rgba(0, 0, 0, 0);\">  \tBokens titel kan ses som en sammanfattning av Sofie Wiklunds resa: Den tredje striden&nbsp;&ndash; och den sista med mig sj&auml;lv&nbsp;(Ord &amp; Kulturs f&ouml;rlag, september 2015). Hon s&auml;ger att&nbsp;boken handlar om &rdquo;konsten att leda en organisation som saknar alla f&ouml;ruts&auml;ttningar f&ouml;r ett gott ledarskap och &auml;nd&aring; &aring;stadkomma resultat&rdquo;.<\/p>\n<p style=\"box-sizing: border-box; -webkit-tap-highlight-color: rgba(0, 0, 0, 0);\">  \tI djupare mening handlar den om hur man &ouml;verlever som chef i h&aring;rd motvind &ndash; mentalt, och faktiskt &auml;ven rent fysiskt. Ur boken: &rdquo;I tankarna krossar jag bilen mot ett tr&auml;d. Brutalt. H&aring;rt. En h&aring;rsm&aring;n fr&aring;n d&ouml;den. L&auml;ngtan efter att v&auml;lja den svarta v&auml;gen. Att k&auml;nna det bottenl&ouml;sa m&ouml;rka. Det &auml;r s&aring; tryggt d&auml;r. P&aring; livets botten. F&ouml;r d&auml;r kan jag ge upp. Omslutas av m&ouml;rkret. Det &auml;r mycket sv&aring;rare att k&auml;mpa. Att sl&aring;ss. Att leva. Sv&aring;rare att st&aring; upp f&ouml;r sig sj&auml;lv och en id&eacute;. Att l&aring;tsas vara hel p&aring; insidan. Men vara trasig inuti. &Auml;nd&aring; forts&auml;tter jag.&rdquo;<\/p>\n<p style=\"box-sizing: border-box; -webkit-tap-highlight-color: rgba(0, 0, 0, 0);\">  \t&ndash; Det gick historier om hur kylig jag var, om mina kalla &ouml;gon. Medarbetare och lokalpolitiker kr&auml;vde min avg&aring;ng. Jag gick p&aring; yoga och var s&aring; sp&auml;nd att jag gr&auml;t. S&aring; ont gjorde det i kroppen, s&auml;ger Sofie Wiklund.<\/p>\n<p style=\"box-sizing: border-box; -webkit-tap-highlight-color: rgba(0, 0, 0, 0);\">  \tHennes ber&auml;ttelse &auml;r starkt subjektiv, vilket hon sj&auml;lv understryker genom att beskriva skrivandets terapeutiska effekt. Men Sofie Wiklund vill ocks&aring; dela med sig av sina erfarenheter till andra ledare som m&ouml;ter sv&aring;ra utmaningar, med f&ouml;rhoppningen att de ska undvika de fallgropar hon f&ouml;ll i.<\/p>\n<p style=\"box-sizing: border-box; -webkit-tap-highlight-color: rgba(0, 0, 0, 0);\">  \t<br style=\"box-sizing: border-box; -webkit-tap-highlight-color: rgba(0, 0, 0, 0);\" \/>  \t<strong>Ber&auml;ttelsen handlar<\/strong> om hur hon som 27-&aring;ring blir rektor inom vuxenutbildningen. Hon har inte s&ouml;kt uppdraget, utan blir tillfr&aring;gad. Det &auml;r hennes f&ouml;rsta chefsjobb.<\/p>\n<p style=\"box-sizing: border-box; -webkit-tap-highlight-color: rgba(0, 0, 0, 0);\">  \t&ndash; Jag hade aldrig t&auml;nkt tanken att bli chef. Det jag brann f&ouml;r var att f&ouml;r&auml;ndra samh&auml;llet, att skapa en skola som skulle hj&auml;lpa svaga grupper p&aring; arbetsmarknaden att f&aring; jobb, s&auml;ger Sofie Wiklund, som hade en bakgrund som journalist, ledarskribent och som haft flera politiska uppdrag.<\/p>\n<p style=\"box-sizing: border-box; -webkit-tap-highlight-color: rgba(0, 0, 0, 0);\">  \tHon beskriver hur hon kastas in i ett skarpt l&auml;ge d&aring; skolan stod inf&ouml;r stora f&ouml;r&auml;ndringar och, vilket hon snart uppt&auml;ckte, drogs med ett rej&auml;lt ekonomiskt underskott.<\/p>\n<p style=\"box-sizing: border-box; -webkit-tap-highlight-color: rgba(0, 0, 0, 0);\">  \t&ndash; Jag fick varken introduktion eller &ouml;verl&auml;mning. Inledningsvis var l&auml;rarna positiva till mig, men n&auml;r de ins&aring;g att jag hade styrelsens uppdrag att genomf&ouml;ra f&ouml;r&auml;ndringar de motsatte sig, blev det ett rent helvete. Skolan var av tradition v&auml;ldigt l&auml;rarstyrd och det fanns f&ouml;rv&auml;ntningar om att jag skulle vara l&auml;rargruppens spr&aring;kr&ouml;r, s&auml;ger Sofie Wiklund.<\/p>\n<p style=\"box-sizing: border-box; -webkit-tap-highlight-color: rgba(0, 0, 0, 0);\">  \tDet blev snart uppenbart f&ouml;r Sofie Wiklund att hon saknade uppbackning fr&aring;n styrelse och fr&aring;n sin egen chef. Hon upplevde hur hon l&auml;mnades ensam med att parallellt arbeta med avveckling av den befintliga verksamheten och bygga upp den nya. Dessutom stod hon i fokus i den intensiva lokala mediebevakningen. N&auml;r st&auml;mningen var som mest h&auml;tsk var organisationens personalchef med henne p&aring; skolan som st&ouml;d, ber&auml;ttar hon.<\/p>\n<p style=\"box-sizing: border-box; -webkit-tap-highlight-color: rgba(0, 0, 0, 0);\">  \t&ndash; Hela historien handlar egentligen om bristande tillit i alla led. Jag hade inte tillit till styrelse och huvudman, och l&auml;rare och studenter hade inte till&shy;it till mig. Man m&aring;ste ha respekt f&ouml;r att alla har sin historia och reagerar utifr&aring;n sina egna f&ouml;rv&auml;ntningar.<\/p>\n<p style=\"box-sizing: border-box; -webkit-tap-highlight-color: rgba(0, 0, 0, 0);\">  \tI boken beskriver Sofie Wiklund hur hon &rdquo;tog fram sopkvasten, gick fram med yxa och slog s&ouml;nder gamla strukturer&rdquo;. I dag konstaterar hon att det hade varit klokare att agera annorlunda.<\/p>\n<p style=\"box-sizing: border-box; -webkit-tap-highlight-color: rgba(0, 0, 0, 0);\">  \t&ndash; I backspegeln hade jag f&ouml;rst&aring;s agerat och lagt upp jobbet annorlunda. Men jag var uppriktigt f&ouml;rv&aring;nad &ouml;ver att medarbetare som var betydligt &auml;ldre och mer erfarna &auml;n jag saknade kunskap n&auml;r det till exempel g&auml;llde arbetsmilj&ouml;, och inte heller f&ouml;rstod mitt ansvar som chef inf&ouml;r huvudmannen.<\/p>\n<p style=\"box-sizing: border-box; -webkit-tap-highlight-color: rgba(0, 0, 0, 0);\">  \t<br style=\"box-sizing: border-box; -webkit-tap-highlight-color: rgba(0, 0, 0, 0);\" \/>  \t<strong>R&auml;ddningen,<\/strong> som Sofie Wiklund kallar det, kom i form av en arbetsmilj&ouml;konsult, som p&aring; huvudmannens uppdrag gjorde en utredning av verksamheten och presenterade en l&ouml;sning. Den innebar att Sofie Wiklund koncentrerade sig p&aring; uppbyggnaden av den nya verksamheten medan personalchefen sk&ouml;tte den gamla.<\/p>\n<p style=\"box-sizing: border-box; -webkit-tap-highlight-color: rgba(0, 0, 0, 0);\">  \t&ndash; Min l&auml;rdom &auml;r att ta in en konsult i ett tidigt stadium i en f&ouml;r&auml;ndringsprocess, en person som kan se p&aring; situationen utifr&aring;n och som kan leda processen s&aring; att inte chefen blir &ouml;verbelastad, s&auml;ger hon.<\/p>\n<p style=\"box-sizing: border-box; -webkit-tap-highlight-color: rgba(0, 0, 0, 0);\">  \tGenom hela boken varvas personliga minnesbilder, de f&auml;llor man som chef kan hamna i, med l&auml;rdomar och konkreta tips p&aring; hur man arbetar mest konstruktivt, undviker fallgropar och kommer vidare.<\/p>\n<p style=\"box-sizing: border-box; -webkit-tap-highlight-color: rgba(0, 0, 0, 0);\">  \t&ndash; Att kunna be om hj&auml;lp &auml;r faktiskt en styrka, s&auml;ger Sofie Wiklund, som idag &auml;r 32 &aring;r och som den 15 juni b&ouml;rjade p&aring; en nyinr&auml;ttad tj&auml;nst som politisk sekreterare i Borl&auml;nge kommun.<\/p>\n<p style=\"box-sizing: border-box; -webkit-tap-highlight-color: rgba(0, 0, 0, 0);\">  \tFotnot: F&ouml;rfattaren har valt att varken namnge personer, organisationer eller platser.<\/p>\n<p style=\"box-sizing: border-box; -webkit-tap-highlight-color: rgba(0, 0, 0, 0);\">  \t<span class=\"pagefooter\" style=\"box-sizing: border-box; -webkit-tap-highlight-color: rgba(0, 0, 0, 0);\">ULRICA AMBJ&Ouml;RN<\/span><\/p>\n","protected":false},"excerpt":{"rendered":"<p>Sofie Wiklund har skrivit en bok om sitt f\u00f6rsta chefsuppdrag. En \u00f6ppenhj\u00e4rtig bok om kamp, krossade illusioner och v\u00e4xande sj\u00e4lvinsikt. Nu hoppas hon att hennes erfarenheter kan vara till hj\u00e4lp f\u00f6r andra chefer.<\/p>\n","protected":false},"author":1,"featured_media":0,"comment_status":"open","ping_status":"open","sticky":false,"template":"","format":"standard","meta":{"footnotes":""},"categories":[],"tags":[],"class_list":["post-51","post","type-post","status-publish","format-standard","hentry"],"_links":{"self":[{"href":"https:\/\/testdb.wiznet.se\/index.php?rest_route=\/wp\/v2\/posts\/51","targetHints":{"allow":["GET"]}}],"collection":[{"href":"https:\/\/testdb.wiznet.se\/index.php?rest_route=\/wp\/v2\/posts"}],"about":[{"href":"https:\/\/testdb.wiznet.se\/index.php?rest_route=\/wp\/v2\/types\/post"}],"author":[{"embeddable":true,"href":"https:\/\/testdb.wiznet.se\/index.php?rest_route=\/wp\/v2\/users\/1"}],"replies":[{"embeddable":true,"href":"https:\/\/testdb.wiznet.se\/index.php?rest_route=%2Fwp%2Fv2%2Fcomments&post=51"}],"version-history":[{"count":0,"href":"https:\/\/testdb.wiznet.se\/index.php?rest_route=\/wp\/v2\/posts\/51\/revisions"}],"wp:attachment":[{"href":"https:\/\/testdb.wiznet.se\/index.php?rest_route=%2Fwp%2Fv2%2Fmedia&parent=51"}],"wp:term":[{"taxonomy":"category","embeddable":true,"href":"https:\/\/testdb.wiznet.se\/index.php?rest_route=%2Fwp%2Fv2%2Fcategories&post=51"},{"taxonomy":"post_tag","embeddable":true,"href":"https:\/\/testdb.wiznet.se\/index.php?rest_route=%2Fwp%2Fv2%2Ftags&post=51"}],"curies":[{"name":"wp","href":"https:\/\/api.w.org\/{rel}","templated":true}]}}