{"id":48,"date":"2022-05-16T01:28:33","date_gmt":"2022-05-16T01:28:33","guid":{"rendered":"https:\/\/testdb.wiznet.se\/?p=48"},"modified":"2022-05-16T01:28:33","modified_gmt":"2022-05-16T01:28:33","slug":"personlig-utveckling-racker-inte-som-beloning","status":"publish","type":"post","link":"https:\/\/testdb.wiznet.se\/?p=48","title":{"rendered":"Personlig utveckling r\u00e4cker inte som bel\u00f6ning"},"content":{"rendered":"<p>  \t&ndash; Medarbetarna t&auml;nker p&aring; karri&auml;r utifr&aring;n b&aring;de en personlig och en social inneb&ouml;rd. De ser karri&auml;r som ett utbytes&shy;spel. Investerar man i en utbildning f&ouml;rv&auml;ntar man sig att f&aring; en bel&ouml;ning tillbaka i form av exempelvis befordran eller l&ouml;n.<\/p>\n<p>  \tIngela Bergmo-Prvulovic, som disputerade i v&aring;ras, anser att det h&auml;r tankes&auml;ttet fortfarande &auml;r djupt rotat i m&auml;nniskor. Och det kanske arbetsgivare gl&ouml;mmer bort, nu n&auml;r vi har plattare organisationer och ett annat s&auml;tt att tala om karri&auml;r.<\/p>\n<p>  \t&ndash; Samh&auml;llet har f&ouml;rs&ouml;kt att flytta perspektivet till psykologisk framg&aring;ng i st&auml;llet f&ouml;r hierarkisk framg&aring;ng, men om man inte tydligt anger det kan det bli krockar. Organisationen kanske ligger steget f&ouml;re personalen och d&aring; b&ouml;r man prata med personalen om det, s&auml;ger hon.<\/p>\n<p>  \t<strong>&Auml;ven om karri&auml;rbegreppet f&ouml;r vuxna<\/strong> ocks&aring; har en personlig inneb&ouml;rd som dr&ouml;mmar, m&aring;l och sj&auml;lvf&ouml;rverkligande &auml;r det kopplat till den sociala inneb&ouml;rden med yttre bel&ouml;ningar. Att vi &auml;r n&ouml;jda s&aring; l&auml;nge vi f&aring;r utvecklas p&aring; ett personligt plan st&auml;mmer allts&aring; inte.<\/p>\n<p>  \t&nbsp;<\/p>\n<div style=\"padding: 10; width: 120px; height: 160px; margin: 6px; float: left;;  \">  \t<img decoding=\"async\" border=\"0\" src=\"\/Graphics\/UserFiles\/images\/Ingela-Bergmo-Prvulovic-web.jpg\" style=\"width: 120px; height: 160px; dummy: 6px; dummy: left;\" \/><br \/>  \t<span class=\"bildtext\">Ingela Bergmo-Prvulovic. Foto: privat.<\/span><\/div>\n<p>  \tIngela Bergmo-Prvulovic tycker inte att man talar om att anst&auml;llda ocks&aring; drivs av social status och d&auml;rf&ouml;r blir det lite av en utmaning f&ouml;r organisationerna att &aring;terv&auml;nda till karri&auml;r som begrepp.<\/p>\n<p>  \t&ndash; Vad menar vi med det? Vi tar det f&ouml;r givet och tydligg&ouml;r det s&auml;llan. M&auml;nniskor kanske f&ouml;rv&auml;ntar sig en yttre bel&ouml;ning, men det &auml;r inte uttalat att de efterstr&auml;var det. Kanske eftersom det &auml;r lite fult att vilja g&ouml;ra karri&auml;r.<\/p>\n<p>  \tHon ser det som en utmaning f&ouml;r hr att &auml;ven bel&ouml;na den personliga karri&auml;rutvecklingen i ett landskap d&auml;r det inte l&auml;ngre finns traditionella karri&auml;rv&auml;gar. Hon tycker att det p&aring;g&aring;r ett s&aring;dant arbete inom vissa yrkeskategorier och n&auml;mner l&auml;rarna som ett exempel.<\/p>\n<p>  \t&ndash; Om du inte blir korrekt bekr&auml;ftad f&aring;r den sociala kompensationen st&ouml;rre betydelse. H&auml;r kan det uppst&aring; uppgivenhet. Arbetslivet i dag antar inte utmaningen om hur vi ska bel&ouml;na den inre processen. I st&auml;llet l&auml;ggs det i kn&auml;t p&aring; v&auml;gledare, s&auml;ger Ingela Bergmo-Prvulovic.<\/p>\n<p>  \tHon har i sin forskning unders&ouml;kt hur karri&auml;r uppfattas, av vuxna som p&aring;verkas av arbetslivets f&ouml;r&auml;ndringar, av studie- och yrkesv&auml;gledare som arbetar med karri&auml;rrelaterade fr&aring;gor, samt hur begreppet uttrycks i europeiska policydokument f&ouml;r v&auml;gledning.<\/p>\n<p>  \t&ndash; Olika syns&auml;tt p&aring; karri&auml;r krockar, m&ouml;ts och omf&ouml;rhandlas, n&auml;r olika m&aring;lgrupper bildar olika f&ouml;rest&auml;llningar om betydelsen av karri&auml;r beroende p&aring; den roll de har i arbetslivet.<\/p>\n<p>  \t<strong>Ingela Bergmo-Prvulovic har mejlintervjuat<\/strong> karri&auml;rv&auml;gledande praktiker som m&ouml;ter m&auml;nniskor som vill f&ouml;r&auml;ndra sitt yrkesliv.<\/p>\n<p>  \t&ndash; Och v&auml;gledarna ser karri&auml;r som n&aring;got annat &auml;n att kl&auml;ttra p&aring; en stege, men de har sv&aring;rt att s&auml;tta ord p&aring; vad det &auml;r. De ser det som personlig utveckling, livsutveckling eller kontinuerligt l&auml;rande.<\/p>\n<p>  \tIngela Bergmo-Prvulovic efterlyser p&aring; det hela taget en karri&auml;rplanering f&ouml;r vuxna i ett of&ouml;ruts&auml;gbart och f&ouml;r&auml;nderligt arbetsliv samt f&ouml;r &auml;ldre vuxna som tycker att de har mer att ge och som vill f&ouml;rl&auml;nga arbetslivet.<\/p>\n<p>  \t&nbsp;<\/p>\n<p>  \t<strong>Om Ingela Bergmo-Prvulovic&raquo;<\/strong><\/p>\n<p>  \tIngela Bergmo-Prvulovic disputerade i april med avhandlingen Social representations of career and career guidance in the changing world of working life vid H&ouml;gskolan i J&ouml;nk&ouml;ping. Den &auml;r uppdelad i delstudier:<\/p>\n<p>  \t&bull; En textanalys av hur karri&auml;r&shy;begreppet ser ut i olika policy&shy;dokument p&aring; EU-niv&aring;.<br \/>  \t&bull; Uppf&ouml;ljande textanalys av v&auml;gledningsprofessionens etiska deklarationer.<br \/>  \t&bull; En associationsstudie med vuxna som befinner sig i arbetsrelaterade f&ouml;r&auml;ndringar.<br \/>  \t&bull; Intervjuer med s&aring; kallade v&auml;gledare.<\/p>\n<p>  \t<span class=\"pagefooter\">NINNI DICKSON<\/span><\/p>\n","protected":false},"excerpt":{"rendered":"<p>Karri\u00e4r betyder inte samma sak f\u00f6r organisationen som f\u00f6r den anst\u00e4llde. Det framkommer tydligt i en ny avhandling vid H\u00f6gskolan i J\u00f6nk\u00f6ping.<\/p>\n","protected":false},"author":1,"featured_media":0,"comment_status":"open","ping_status":"open","sticky":false,"template":"","format":"standard","meta":{"footnotes":""},"categories":[],"tags":[],"class_list":["post-48","post","type-post","status-publish","format-standard","hentry"],"_links":{"self":[{"href":"https:\/\/testdb.wiznet.se\/index.php?rest_route=\/wp\/v2\/posts\/48","targetHints":{"allow":["GET"]}}],"collection":[{"href":"https:\/\/testdb.wiznet.se\/index.php?rest_route=\/wp\/v2\/posts"}],"about":[{"href":"https:\/\/testdb.wiznet.se\/index.php?rest_route=\/wp\/v2\/types\/post"}],"author":[{"embeddable":true,"href":"https:\/\/testdb.wiznet.se\/index.php?rest_route=\/wp\/v2\/users\/1"}],"replies":[{"embeddable":true,"href":"https:\/\/testdb.wiznet.se\/index.php?rest_route=%2Fwp%2Fv2%2Fcomments&post=48"}],"version-history":[{"count":0,"href":"https:\/\/testdb.wiznet.se\/index.php?rest_route=\/wp\/v2\/posts\/48\/revisions"}],"wp:attachment":[{"href":"https:\/\/testdb.wiznet.se\/index.php?rest_route=%2Fwp%2Fv2%2Fmedia&parent=48"}],"wp:term":[{"taxonomy":"category","embeddable":true,"href":"https:\/\/testdb.wiznet.se\/index.php?rest_route=%2Fwp%2Fv2%2Fcategories&post=48"},{"taxonomy":"post_tag","embeddable":true,"href":"https:\/\/testdb.wiznet.se\/index.php?rest_route=%2Fwp%2Fv2%2Ftags&post=48"}],"curies":[{"name":"wp","href":"https:\/\/api.w.org\/{rel}","templated":true}]}}