{"id":43,"date":"2022-05-16T01:28:32","date_gmt":"2022-05-16T01:28:32","guid":{"rendered":"https:\/\/testdb.wiznet.se\/?p=43"},"modified":"2022-05-16T01:28:32","modified_gmt":"2022-05-16T01:28:32","slug":"rapport-fran-atd-konferensen","status":"publish","type":"post","link":"https:\/\/testdb.wiznet.se\/?p=43","title":{"rendered":"Rapport fr\u00e5n ATD-konferensen"},"content":{"rendered":"<p>  \t<strong>Det sociala l&auml;randet.<\/strong><\/p>\n<p>  \tEnligt Tony Bingham, vd f&ouml;r ATD, &auml;r den mest signifikanta trenden att det mobila och sociala l&auml;randet nu p&aring; allvar b&ouml;rjar ta fart i m&aring;nga f&ouml;retag. Trenden p&aring;b&ouml;rjades blygsamt redan f&ouml;r tio &aring;r sedan. 2005 hade 3 procent av f&ouml;retagen b&ouml;rjat anv&auml;nda mobilen som kanal f&ouml;r att n&aring; medarbetarna. Nu &auml;r det 34 procent som har s&aring;dana program. Allt fler av v&aring;ra dagliga aktiviteter sker via v&aring;ra mobiler. Mot slutet av &aring;ret kommer det att finnas dubbelt s&aring; m&aring;nga skrivplattor och mobiltelefoner som det finns m&auml;nniskor p&aring; jorden.<\/p>\n<p>  \t&nbsp;<\/p>\n<p>  \t<strong>Nya generationer, nya v&auml;rderingar.&nbsp;<\/strong><\/p>\n<p>  \t&Aring;r 2025 kommer 75 procent av arbetskraften att vara &rdquo;millennials&rdquo;. e-post och telefonsamtal &auml;r f&ouml;r de flesta i den h&auml;r generationen inte de fr&auml;msta s&auml;tten att kommunicera. I st&auml;llet sker det via bloggar, sms, bilder och videor. Det &auml;r i den h&auml;r milj&ouml;n som vi m&aring;ste m&ouml;ta &rdquo;Det sociala l&auml;randet&rdquo;.<\/p>\n<p>  \tVi st&aring;r mitt i ett tydligt kulturellt skifte i f&ouml;retagen, i takt med att millenniegenerationen tar plats. Enligt en studie av Aon Hewitt upplever m&aring;nga att f&ouml;retagsledningar har sitt fokus p&aring; organisationsbaserade v&auml;rden, som resultat, teamwork och kundn&ouml;jdhet, medan de yngre medarbetarna i h&ouml;gre grad uppskattar relationsbaserade v&auml;rden, som balans i livet, uppskattning, lojalitet och respekt f&ouml;r medarbetarna.<\/p>\n<p>  \t&nbsp;<\/p>\n<p>  \t<strong>Kortare inl&auml;rningstid &ndash; b&auml;ttre inl&auml;rningseffekt?<\/strong><\/p>\n<p>  \t&Auml;r det m&ouml;jligt att &ouml;ka inl&auml;rningen genom att korta ner inl&auml;rningstiden? Det var fr&aring;gan som Ray E Jimenez, chief learning architect hos Vignettes Learning tog sin utg&aring;ngspunkt i. Han pekade bland annat p&aring; n&aring;gra trender: instruktionsmanualerna blir allt mer s&auml;llsynta, kunder och anv&auml;ndare f&aring;r allt oftare g&ouml;ra jobbet sj&auml;lva genom trial and error. M&aring;nga av de triviala arbetsuppgifterna &auml;r numera automatiserade: lagra, sortera, s&ouml;ka, minnas, p&aring;minna, etcetera. I st&auml;llet f&ouml;r att l&auml;ra sig, s&aring; pr&ouml;var man.<\/p>\n<p>  \tDet traditionella s&auml;ttet f&ouml;r att s&auml;tta upp e-kurser, d&auml;r SME (subject matter experts) st&aring;r f&ouml;r inneh&aring;llet, &auml;r att l&auml;gga upp en kursplan f&ouml;r att presentera, tr&auml;na, memorera och applicera alla moment inom omr&aring;det. Vignettes Learning bygger i st&auml;llet upp sm&aring; mikroenheter som kan vara 3-5 minuter l&aring;nga, och som var och en &auml;r sj&auml;lvst&auml;ndiga i en st&ouml;rre helhet. Deltagarna s&ouml;ker och v&auml;ljer sj&auml;lva. Det handlar om att l&auml;mna det instruktionsstyrda l&auml;randet och g&aring; mot det erfarenhets- och prestationsstyrda l&auml;randet.<\/p>\n<p>  \tF&ouml;r kompetensutveckling inneb&auml;r detta att vi beh&ouml;ver minska p&aring; instruktion f&ouml;r att i st&auml;llet l&aring;ta deltagarnas agerande bli st&ouml;rre.<\/p>\n<p>  \t&Auml;ven Sugata Mitra, professor vid Newcastle University och vinnare av 2013 &aring;rs Ted Prize Award, st&ouml;der dessa tankar. Han redogjorde f&ouml;r det framg&aring;ngsrika arbetet han bedriver med l&auml;rarl&ouml;s utbildning. Barnen som deltar i hans studier <em>A hole in the wall<\/em> och <em>The School in the Cloud,<\/em> l&auml;r sig sj&auml;lva utan att n&aring;gon l&auml;rare finns med och f&ouml;rklarar. En rimlig gissning &auml;r att detta s&auml;tt att ta till sig ny kunskap kommer att bli &auml;n viktigare &auml;ven i vuxenutbildning.<\/p>\n<p>  \tEtt ytterligare exempel p&aring; deltagarstyrt l&auml;rande &auml;r att Lou Russel, f&ouml;rfattare till den uppdaterade boken &rdquo;Leadership Training&rdquo; som ing&aring;r i ATD Workshop Series, har lagt om designen p&aring; en tv&aring;dagarskurs. I st&auml;llet f&ouml;r lektioner kommer deltagarna att fylla sina kompetensluckor genom att arbeta sig igenom ett konkret case. Nya insikter kommer indirekt och individuellt.<\/p>\n<p>  \t&nbsp;<\/p>\n<p>  \t<strong>Stabila utbildningsinvesteringar, men tr&ouml;gt att m&auml;ta resultat.<\/strong><\/p>\n<p>  \tFlera globala studier redovisades, bland andra ATD:s<em> 2014 State of the Industry report<\/em> som visar att:<\/p>\n<p>  \t&middot; F&ouml;retagens investeringar i utbildning &ouml;kade n&aring;got fr&aring;n f&ouml;reg&aring;ende &aring;r till 10&nbsp;270 kronor per anst&auml;lld (fr&aring;n 10&nbsp;160 kronor). 10 procent gick till ers&auml;ttning till tr&auml;nare\/l&auml;rare.<\/p>\n<p>  \t&middot; De tre viktigaste &auml;mnena var: Regler och rutiner 11,5 procent, ledarskap 11,5 procent, och processer och aff&auml;rsmetoder 9,1 procent.<\/p>\n<p>  \t&middot; Klassrumsundervisning forts&auml;tter att minska, men &auml;r trots minskningen fortfarande den mest popul&auml;ra metoden, 54 procent.<\/p>\n<p>  \tI en annan studie gjord av IDC och som varannan m&aring;nad st&auml;ller fr&aring;gor till 330 utbildningschefer, s&auml;gs att de ofta blir ombedda att visa p&aring; effekten av utbildningar men att de sj&auml;lva inte litar p&aring; de verktyg och metoder som st&aring;r till buds. De upplever att det &auml;r sv&aring;rt att p&aring;visa effekten.<\/p>\n<p>  \tJ&auml;mf&ouml;rt med andra funktioner i f&ouml;retagen, som it, research and developement, produktion, f&ouml;rs&auml;ljning och ink&ouml;p, ligger hr efter. Tre av fyra f&ouml;retag m&auml;ter det allra mest grundl&auml;ggande, som antal kurser, deltagare eller tr&auml;ningstimmar. Deltagarenk&auml;ter anv&auml;nds av 40 procent av f&ouml;retagen, medan knappt h&auml;lften s&auml;ger att m&aring;tten &auml;r kopplade till specifika l&auml;rm&aring;l. H&auml;r finns med andra ord utrymme f&ouml;r f&ouml;rb&auml;ttring.<\/p>\n<p>  \t&nbsp;<\/p>\n<p>  \t<strong>Passion i arbetet.<\/strong><\/p>\n<p>  \tM&aring;nga talare ankn&ouml;t till den studie som visar att ett stort problem &auml;r att s&aring; liten andel som 34 procent av arbetskraften &auml;r engagerad i jobbet. Det &auml;r resultatet av den &aring;rliga globala unders&ouml;kningen som g&ouml;rs av Gallup.<\/p>\n<p>  \tForskaren Scott Blanchard kopplade till detta genom en modell d&auml;r varje medarbetares avsikt (intent) ledde till konsekvenser f&ouml;r s&aring;v&auml;l individ som organisation. Det som p&aring;verkar medarbetarens avsikt &auml;r hur hen uppfattar och tolkar organisation, relationer och arbetet i sig. Faktorer som i h&ouml;g grad l&aring;ter sig p&aring;verkas av det ledarskap som ut&ouml;vas. Det &auml;r tydligt att mycket av orsaken till den l&aring;ga andelen passion i arbetet h&auml;nger p&aring; ledarskapet.<\/p>\n<p>  \tEnligt m&auml;tningar som The Ken Blanchard Companies gjort finns det tydliga positiva samband mellan h&ouml;gt motiverade medarbetare och olika arbetsrelaterade beteenden. J&auml;mf&ouml;rt med de mindre motiverade kollegorna har de 57 procent st&ouml;rre avsikt att prestera, 36 procent st&ouml;rre avsikt att inte byta jobb, och 47 procent st&ouml;rre avsikt att ge ber&ouml;m till andra.<\/p>\n<p>  \t&nbsp;<\/p>\n<h4>  \tOm ATD<\/h4>\n<p>  \tAssociation for Talent Development, ATD, &auml;r v&auml;rlden st&ouml;rsta organisation f&ouml;r kompetensutveckling i f&ouml;retag och organisationer. Den &aring;rliga internationella konferensen samlade i slutet av maj 9 600 deltagare under fyra dagar i Orlando, Florida.&nbsp; Av dessa kom 3&nbsp;200 fr&aring;n andra l&auml;nder &auml;n USA. Kora, Kanada, Japan, Kina och Brasilien deltog med de st&ouml;rsta delegationerna. F&ouml;rutom en m&auml;ngd studier och certifieringsprogram, anordnas flera lokala konferenser i USA, Europa och Asien. En g&aring;ng varje &aring;r h&aring;lls en stor internationell konferens. N&auml;sta &aring;r i Denver, Colorado 22-25 maj 2016. <a href=\"http:\/\/www.tg.org\">www.tg.org<\/a>.<\/p>\n<p>  \tANDERS KINDING<\/p>\n","protected":false},"excerpt":{"rendered":"<p>Den tydligaste trenden \u00e4r det mobila och sociala l\u00e4randet. Men bara en av tre medarbetare k\u00e4nner engagemang f\u00f6r sitt jobb. Ledarskapsutbildaren och f\u00f6rfattaren Anders Kinding rapporterar om de senaste trenderna inom kompetensutveckling:<\/p>\n","protected":false},"author":1,"featured_media":0,"comment_status":"open","ping_status":"open","sticky":false,"template":"","format":"standard","meta":{"footnotes":""},"categories":[],"tags":[],"class_list":["post-43","post","type-post","status-publish","format-standard","hentry"],"_links":{"self":[{"href":"https:\/\/testdb.wiznet.se\/index.php?rest_route=\/wp\/v2\/posts\/43","targetHints":{"allow":["GET"]}}],"collection":[{"href":"https:\/\/testdb.wiznet.se\/index.php?rest_route=\/wp\/v2\/posts"}],"about":[{"href":"https:\/\/testdb.wiznet.se\/index.php?rest_route=\/wp\/v2\/types\/post"}],"author":[{"embeddable":true,"href":"https:\/\/testdb.wiznet.se\/index.php?rest_route=\/wp\/v2\/users\/1"}],"replies":[{"embeddable":true,"href":"https:\/\/testdb.wiznet.se\/index.php?rest_route=%2Fwp%2Fv2%2Fcomments&post=43"}],"version-history":[{"count":0,"href":"https:\/\/testdb.wiznet.se\/index.php?rest_route=\/wp\/v2\/posts\/43\/revisions"}],"wp:attachment":[{"href":"https:\/\/testdb.wiznet.se\/index.php?rest_route=%2Fwp%2Fv2%2Fmedia&parent=43"}],"wp:term":[{"taxonomy":"category","embeddable":true,"href":"https:\/\/testdb.wiznet.se\/index.php?rest_route=%2Fwp%2Fv2%2Fcategories&post=43"},{"taxonomy":"post_tag","embeddable":true,"href":"https:\/\/testdb.wiznet.se\/index.php?rest_route=%2Fwp%2Fv2%2Ftags&post=43"}],"curies":[{"name":"wp","href":"https:\/\/api.w.org\/{rel}","templated":true}]}}