{"id":38,"date":"2022-05-16T01:28:32","date_gmt":"2022-05-16T01:28:32","guid":{"rendered":"https:\/\/testdb.wiznet.se\/?p=38"},"modified":"2022-05-16T01:28:32","modified_gmt":"2022-05-16T01:28:32","slug":"uppforandekod-ska-ge-battre-arbetsklimat-pa-ki","status":"publish","type":"post","link":"https:\/\/testdb.wiznet.se\/?p=38","title":{"rendered":"Uppf\u00f6randekod ska ge b\u00e4ttre arbetsklimat p\u00e5 KI"},"content":{"rendered":"<p>  \tDen nya uppf&ouml;randekoden omfattar f&ouml;rutom 5&nbsp;000 anst&auml;llda &auml;ven stipendiater och &rdquo;andra anknutna&rdquo;. P&aring; KI:s internwebb finns f&ouml;rutom en introduktion d&auml;r syftet med koden tas<\/p>\n<div style=\"padding: 10; width: 200px; height: 285px; margin: 6px; float: left;;  \">  \t<img decoding=\"async\" border=\"0\" src=\"\/Graphics\/UserFiles\/images\/Mats-E-webb.jpg\" style=\"width: 200px; height: 285px; dummy: 6px; dummy: left;\" \/><br \/>  \t<span class=\"bildtext\">Mats Engelbrektson, personaldirekt&ouml;r p&aring; KI. Foto: Erik Cronberg.<\/span><\/div>\n<p>  \tupp, sj&auml;lva uppf&ouml;randekoden, samt anvisningar och &rdquo;fr&aring;gor och svar.&rdquo; Arbetet med att ta fram koden p&aring;b&ouml;rjades efter en medarbetarunders&ouml;kning 2011, d&auml;r medarbetare rapporterade om mobbning och trakasserier p&aring; arbetsplatsen.<\/p>\n<p>  \t&ndash; Medarbetarunders&ouml;kningen, inneh&aring;llet i exit polls med doktorander, och s&aring;dant som kom till v&aring;r k&auml;nnedom i det dagliga arbetet, ledde sammantaget till att vi inledde arbetet, s&auml;ger KI:s personaldirekt&ouml;r Mats Engelbrektson.<\/p>\n<p>  \t&ndash; Egentligen &auml;r det inget nytt. Det fanns dokument och regler spridda p&aring; olika h&aring;ll, det vi ville g&ouml;ra var att samla det i ett dokument som man snabbt och enkelt kan ta del av och kvittera.<\/p>\n<p>  \t<strong>Uppf&ouml;randekoden <\/strong>ger en tydlig bild av organisationens grundl&auml;ggande v&auml;rderingar och ger aktualitet &aring;t dem, menar Mats Engelbrektson. Att ta fram sj&auml;lva koden har tagit n&auml;stan ett &aring;r.<\/p>\n<p>  \t&ndash; Det beror p&aring; att vi verkligen ville f&ouml;rankra den i organisationen s&aring; att det inte bara blir en pappersprodukt.<\/p>\n<p>  \tKI har d&auml;rf&ouml;r jobbat med referensgrupper och arbetsgrupper med chefer, och har samarbetat med styrelsen f&ouml;r forskarutbildningen. Koden har beslutats av rektor och har status som ett internt styrdokument.<\/p>\n<p>  \t&ndash; Det har varit m&aring;nga synpunkter. Formuleringar och enskilda ordval har diskuterats flitigt.<\/p>\n<p>  \t&nbsp;<\/p>\n<p>  \t<strong>N&aring;gra punkter <\/strong>har varit s&auml;rskilt omdiskuterade.<\/p>\n<p>  \t&ndash; Detta att man ska meddela sin chef om man ser n&aring;got har vi pratat mycket om. Det &auml;r inget lagkrav, men vi tycker att det &auml;r naturligt att ta upp. N&auml;ra relationer &auml;r ocks&aring; ett k&auml;nsligt &auml;mne. &nbsp;&rdquo;Ska jag verkligen skriva p&aring; detta?&rdquo;, &auml;r en fr&aring;ga som har kommit upp bland medarbetarna. Varf&ouml;r skulle man <em>inte<\/em> skriva p&aring; &auml;r min motfr&aring;ga, s&auml;ger Mats Engelbrektson, och till&auml;gger att koden f&aring;tt fler positiva reaktioner &auml;n han f&ouml;rv&auml;ntat sig:<\/p>\n<p>  \t&ndash; M&aring;nga andra l&auml;ros&auml;ten har ocks&aring; visat intresse.<\/p>\n<p>  \tI uppf&ouml;randekodens sista punkt st&aring;r att l&auml;sa, &rdquo;Jag &auml;r medveten om att beteenden och handlingar som bryter mot lagar, f&ouml;rordningar, interna regler eller riktlinjer kan medf&ouml;ra f&ouml;r&auml;ndrade arbetsuppgifter, disciplin&auml;ra &aring;tg&auml;rder eller i yttersta fall skiljande fr&aring;n anst&auml;llningen eller anknytningen.&rdquo;<\/p>\n<p>  \t&ndash; Koden &auml;r inte till f&ouml;r att s&auml;tta dit n&aring;gon, f&ouml;r de flesta &auml;r det h&auml;r sj&auml;lvklarheter. Den &auml;r till f&ouml;r att klarg&ouml;ra vad som g&auml;ller, men rent juridiskt &auml;r det ingen skillnad mot tidigare.<\/p>\n<p>  \t&nbsp;<\/p>\n<p>  \t<strong>Den 1 juni 2015 <\/strong>ska alla anst&auml;llda ha skrivit under dokumentet. Innan dess ska varje chef ha hunnit g&aring; igenom och diskutera inneh&aring;llet med sina medarbetare. Vid nyanst&auml;llningar &auml;r koden en del av anst&auml;llningsavtalet.<\/p>\n<p>  \t&nbsp;&ndash; Vi kommer att forts&auml;tta med unders&ouml;kningar och f&ouml;lja upp hur arbetsmilj&ouml;n utvecklas. Den senaste medarbetarunders&ouml;kningen visar p&aring; att arbetsmilj&ouml;n f&ouml;rb&auml;ttrats, s&auml;ger Mats Engelbrektson.<\/p>\n<p>  \tDu hittar uppf&ouml;randekoden med tillh&ouml;rande dokument h&auml;r&nbsp;<a href=\"https:\/\/internwebben.ki.se\/sv\/uppforandekod\">https:\/\/internwebben.ki.se\/sv\/uppforandekod<\/a><\/p>\n<p>  \tULRICA AMBJ&Ouml;RN<\/p>\n<p>  \t&nbsp;<\/p>\n","protected":false},"excerpt":{"rendered":"<p>Karolinska institutet, KI, har inf\u00f6rt en uppf\u00f6randekod i syfte att f\u00f6rb\u00e4ttra arbetsmilj\u00f6n. Den 1 juni 2015 ska den ha undertecknats av samtliga anst\u00e4llda.<\/p>\n","protected":false},"author":1,"featured_media":0,"comment_status":"open","ping_status":"open","sticky":false,"template":"","format":"standard","meta":{"footnotes":""},"categories":[],"tags":[],"class_list":["post-38","post","type-post","status-publish","format-standard","hentry"],"_links":{"self":[{"href":"https:\/\/testdb.wiznet.se\/index.php?rest_route=\/wp\/v2\/posts\/38","targetHints":{"allow":["GET"]}}],"collection":[{"href":"https:\/\/testdb.wiznet.se\/index.php?rest_route=\/wp\/v2\/posts"}],"about":[{"href":"https:\/\/testdb.wiznet.se\/index.php?rest_route=\/wp\/v2\/types\/post"}],"author":[{"embeddable":true,"href":"https:\/\/testdb.wiznet.se\/index.php?rest_route=\/wp\/v2\/users\/1"}],"replies":[{"embeddable":true,"href":"https:\/\/testdb.wiznet.se\/index.php?rest_route=%2Fwp%2Fv2%2Fcomments&post=38"}],"version-history":[{"count":0,"href":"https:\/\/testdb.wiznet.se\/index.php?rest_route=\/wp\/v2\/posts\/38\/revisions"}],"wp:attachment":[{"href":"https:\/\/testdb.wiznet.se\/index.php?rest_route=%2Fwp%2Fv2%2Fmedia&parent=38"}],"wp:term":[{"taxonomy":"category","embeddable":true,"href":"https:\/\/testdb.wiznet.se\/index.php?rest_route=%2Fwp%2Fv2%2Fcategories&post=38"},{"taxonomy":"post_tag","embeddable":true,"href":"https:\/\/testdb.wiznet.se\/index.php?rest_route=%2Fwp%2Fv2%2Ftags&post=38"}],"curies":[{"name":"wp","href":"https:\/\/api.w.org\/{rel}","templated":true}]}}