{"id":28,"date":"2022-05-16T01:28:32","date_gmt":"2022-05-16T01:28:32","guid":{"rendered":"https:\/\/testdb.wiznet.se\/?p=28"},"modified":"2022-05-16T01:28:32","modified_gmt":"2022-05-16T01:28:32","slug":"mangfald-genom-markning","status":"publish","type":"post","link":"https:\/\/testdb.wiznet.se\/?p=28","title":{"rendered":"M\u00e5ngfald genom m\u00e4rkning"},"content":{"rendered":"<p>  \tI unders&ouml;kningen anges olika alternativ f&ouml;r vad en r&auml;ttvisem&auml;rkning av arbetsplatsers arbete f&ouml;r j&auml;mst&auml;lldhet och m&aring;ngfald skulle kunna omfatta. En majoritet av deltagarna, 54 procent, anser att det b&auml;sta alternativet &auml;r en symbol som visar att hela arbetsplatsen, inte bara rekryteringsprocessen, uppfyller ett antal av R&auml;ttvisef&ouml;rmedlingens kriterier f&ouml;r r&auml;ttvis representation (se samtliga svarsalternativ h&auml;r intill).<\/p>\n<p>  \t&ndash; Det &auml;r kul och hoppingivande att de som jobbar med hr tar fr&aring;gan p&aring; allvar och visar stort intresse av att jobba f&ouml;r f&ouml;r&auml;ndring. Det &auml;r ett kvitto f&ouml;r oss p&aring; att vi ska arbeta vidare med fr&aring;gan om r&auml;ttvisem&auml;rkning, s&auml;ger Sofia Embr&eacute;n, vd p&aring; R&auml;ttvisef&ouml;rmedlingen.<\/p>\n<p>  \t&nbsp;<\/p>\n<p>  \t<strong>R&auml;ttvisef&ouml;rmedlingen har f&aring;tt st&ouml;d<\/strong> av Tillv&auml;xtverket f&ouml;r att utreda fr&aring;gan om r&auml;ttvisem&auml;rkning, och har f&ouml;rutom Sifoundes&ouml;kningen &auml;ven l&aring;tit fokusgrupper ha synpunkter. R&auml;ttvisef&ouml;rmedlingen riktar i f&ouml;rsta hand in sig p&aring; rekryteringsprocessen och Sofia Embr&eacute;n betonar att en r&auml;ttvisem&auml;rkning i sig inte &auml;r n&aring;got sj&auml;lv&auml;ndam&aring;l.<\/p>\n<p>  \t&ndash; Det b&auml;sta vore f&ouml;rst&aring;s att det inte beh&ouml;vdes n&aring;gon m&auml;rkning. Huvudsaken &auml;r ju att man rekryterar r&auml;ttvist. Vi vill bidra till fler r&auml;ttvisa rekryteringar genom att sprida kunskap, kriterier och metoder som kan vara ett st&ouml;d, inte minst f&ouml;r mindre f&ouml;retag som kanske inte har n&aring;gon hr-person anst&auml;lld, s&auml;ger hon.<\/p>\n<p>  \tLena Kraitsik, generalsekreterare och vd i Sveriges HR-f&ouml;rening, tror att r&auml;ttvisem&auml;rkning kan vara en v&auml;g att lyfta fr&aring;gan om j&auml;mst&auml;lldhet och m&aring;ngfald.<\/p>\n<p>  \t&ndash; Det finns strukturer som g&ouml;r det sv&aring;rt f&ouml;r m&auml;nniskor i olika grupper att komma in i arbetslivet och den fr&aring;gan vill vi lyfta. Som branschorganisation vill vi bidra till att &ouml;ka m&aring;ngfalden i arbetslivet, s&auml;ger hon.<\/p>\n<p>  \t&nbsp;<\/p>\n<p>  \t<strong>Sju av tio i unders&ouml;kningen<\/strong> uppger att deras arbetsplats har konkreta m&aring;l f&ouml;r hur man ska arbeta med j&auml;mst&auml;lldhet, j&auml;mf&ouml;rt med att drygt fem av tio har konkreta m&aring;l f&ouml;r m&aring;ngfaldsarbetet. Hur man ser p&aring; vikten av att jobba med fr&aring;gorna p&aring; arbetsplatsen skiljer sig inte n&auml;mnv&auml;rt mellan offentlig och privat sektor. D&auml;remot upplevs fr&aring;gorna i h&ouml;gre grad vara mycket viktiga f&ouml;r hr-chefer\/specialister ju st&ouml;rre organisationen &auml;r.<\/p>\n<p>  \tH&ouml;gst upp p&aring; listan &ouml;ver vilka aspekter av m&aring;ngfald hr-professionella har i &aring;tanke vid rekrytering kommer k&ouml;n. D&auml;refter f&ouml;ljer etnisk tillh&ouml;righet och &aring;lder. Ned till funktionsneds&auml;ttning och trosuppfattning &auml;r det ett rej&auml;lt hopp. L&auml;ngst ned kommer sexuell l&auml;ggning och k&ouml;nsidentitet\/k&ouml;nsuttryck. J&auml;mf&ouml;rt med privata f&ouml;retag svarar en st&ouml;rre andel hr-chefer\/specialister inom offentlig sektor att de arbetar med aspekter som funktionsneds&auml;ttningar, religion och k&ouml;nsidentitet n&auml;r de rekryterar.<\/p>\n<p>  \tDet finns ett glapp mellan hur hr-cheferna\/specialisterna anser att deras organisation ska uppf&ouml;ra sig och hur man i realiteten arbetar med m&aring;ngfaldsfr&aring;gorna i rekryteringsprocessen. St&ouml;rst &auml;r glappet n&auml;r det g&auml;ller att n&aring; utanf&ouml;r arbetsgivarens befintliga n&auml;tverk och n&auml;r det g&auml;ller att anonymisera ans&ouml;kningshandlingar.<\/p>\n<p>  \t&nbsp;<\/p>\n<p>  \t<strong>Det st&ouml;rsta hindret i arbetet <\/strong>f&ouml;r &ouml;kad j&auml;mst&auml;lldhet och m&aring;ngfald &auml;r enligt deltagarna arbetsplatsens kultur och tradition. I andra hand brist p&aring; m&aring;ngfald bland de s&ouml;kande, vilket anges som ett st&ouml;rre problem i offentlig &auml;n i privat sektor. En av tjugo uppger att det inte finns n&aring;gra hinder och snudd p&aring; lika m&aring;nga anser att m&aring;len f&ouml;r j&auml;mst&auml;lldhet och m&aring;ngfald redan &auml;r uppn&aring;dda.<\/p>\n<p>  \tLena Kraitsik s&auml;ger att unders&ouml;kningen till stor del bekr&auml;ftar styrelsens bild av verkligheten och att det nu g&auml;ller f&ouml;r arbetsgivarna att g&ouml;ra sin l&auml;xa.<\/p>\n<p>  \t&ndash; Det &auml;r viktigt att f&ouml;retagsledningar &auml;r tydliga. Man m&aring;ste internt besvara fr&aring;gan om varf&ouml;r det &auml;r viktigt med m&aring;ngfald i den egna organisationen, s&aring; att m&aring;ngfald ing&aring;r i aff&auml;rsstrategin och inte bara blir n&aring;got man s&auml;ger. Om man bara k&ouml;r p&aring; och rekryterar inom de egna n&auml;tverken hamnar man hela tiden i gamla hjulsp&aring;r, och d&aring; har man inte gjort sin l&auml;xa. Det &auml;r f&ouml;rst n&auml;r man ser v&auml;rdet f&ouml;r den egna organisationen som det blir genuint och h&aring;llbart. F&ouml;rst d&aring; kan det bli en verklig f&ouml;r&auml;ndring, s&auml;ger Lena Kraitsik.<\/p>\n<p>  \t&nbsp;<\/p>\n<p>  \t<strong>N&auml;r unders&ouml;kningens deltagare<\/strong> uppmanas att v&auml;lja tre saker som de tycker &auml;r viktigast att deras arbetsplats f&ouml;rknippas med kommer kompetens, f&ouml;rtroende och utvecklande i topp. M&aring;ngfald kommer f&ouml;rst p&aring; &aring;ttonde plats och j&auml;mst&auml;lldhet p&aring; tolfte.<\/p>\n<p>  \tI de fall man anlitar rekryteringsf&ouml;retag anses kvalitet, marknadsk&auml;nnedom och ett bra n&auml;tverk viktigast. Spetskompetens inom m&aring;ngfald och j&auml;mst&auml;lldhet kommer f&ouml;rst p&aring; sjunde respektive &aring;ttonde plats.<\/p>\n<p>  \t&ndash; Arbetsgivare som anlitar externa rekryterare m&aring;ste p&aring;verka genom att st&auml;lla krav vid upphandling, anser Lena Kraitsik.<\/p>\n<p>  \tSofia Embr&eacute;n v&auml;lkomnar att organisationer blivit mer ben&auml;gna att unders&ouml;ka och ifr&aring;gas&auml;tta hur det ser ut p&aring; den egna arbetsplatsen och vilka v&auml;rden man riskerar att f&ouml;rlora.<\/p>\n<p>  \t&ndash; Vi m&aring;ste v&aring;ga ifr&aring;gas&auml;tta och diskutera kompetensbegreppet. Organisationer som inte g&ouml;r det kommer att halka efter i konkurrensen om talangerna, s&auml;ger Sofia Embr&eacute;n.<\/p>\n<p>  \tSveriges HR-f&ouml;rening kommer att lyfta fr&aring;gan om m&aring;ngfald vid f&ouml;reningens seminarier och utbildningar, och planerar bland annat samarbete med R&auml;ttvisef&ouml;rmedlingen vid det kommande branscheventet HR Nu i v&aring;r.<\/p>\n<p>  \t&ndash; Vi har nyligen startat ett n&auml;tverk f&ouml;r m&aring;ngfaldsfr&aring;gor i Stockholm, och vi hoppas starta fler runtom i landet, s&auml;ger Lena Kraitsik.<\/p>\n<p>  \t&nbsp;<\/p>\n<p>  \t<strong>T&auml;nkbara kriterier f&ouml;r r&auml;ttvisem&auml;rkning<\/strong><\/p>\n<ol>\n<li>  \t\tEn tydlig och strukturerad rekryteringsprocess.<\/li>\n<li>  \t\tFlera personer fr&aring;n arbetsplatsen n&auml;rvarar vid rekryteringstillf&auml;llet.<\/li>\n<li>  \t\tSkallkrav fr&aring;n meriterande kompetenser s&auml;rskiljs och specificeras.<\/li>\n<li>  \t\tRiktade s&ouml;kv&auml;gar f&ouml;r att n&aring; utanf&ouml;r arbetsplatsens befintliga n&auml;tverk.<\/li>\n<li>  \t\tVid intervjusituationen st&auml;lls endast fr&aring;gor som har relevans f&ouml;r tj&auml;nsten.<\/li>\n<\/ol>\n<p>  \t&nbsp;<\/p>\n<p>  \t<strong>Om unders&ouml;kningen:<\/strong> Unders&ouml;kningen genomf&ouml;rdes av Sifo under augusti 2014 i form av en webbenk&auml;t riktad till cirka 4 300 medlemmar i Sveriges HR-f&ouml;rening. De 598 svaren f&ouml;rdelades mellan hr-chefer\/direkt&ouml;rer, 35 procent, hr-specialister\/generalister, 44 procent, och andra, 19 procent.<\/p>\n<p>  \tR&auml;ttvisef&ouml;rmedlingen &auml;r en internetbaserad tj&auml;nst dit f&ouml;retag och organisationer kan h&ouml;ra av sig och f&aring; kostnadsfri hj&auml;lp att hitta personer fr&aring;n underrepresenterade grupper, f&ouml;r till exempel intervjuer eller debatter. Cirka 70&nbsp;000 anslutna hj&auml;lper till att tipsa via facebook och twitter.<\/p>\n<p>  \tULRICA AMBJ&Ouml;RN<\/p>\n","protected":false},"excerpt":{"rendered":"<p>Sju av tio hr-medarbetare tror p\u00e5 id\u00e9n om en r\u00e4ttvisem\u00e4rkning av arbetsplatser och rekryteringsprocesser. Det visar en Sifo-unders\u00f6kning gjord p\u00e5 uppdrag av R\u00e4ttvisef\u00f6rmedlingen och Sveriges HR-f\u00f6rening.<\/p>\n","protected":false},"author":1,"featured_media":0,"comment_status":"open","ping_status":"open","sticky":false,"template":"","format":"standard","meta":{"footnotes":""},"categories":[],"tags":[],"class_list":["post-28","post","type-post","status-publish","format-standard","hentry"],"_links":{"self":[{"href":"https:\/\/testdb.wiznet.se\/index.php?rest_route=\/wp\/v2\/posts\/28","targetHints":{"allow":["GET"]}}],"collection":[{"href":"https:\/\/testdb.wiznet.se\/index.php?rest_route=\/wp\/v2\/posts"}],"about":[{"href":"https:\/\/testdb.wiznet.se\/index.php?rest_route=\/wp\/v2\/types\/post"}],"author":[{"embeddable":true,"href":"https:\/\/testdb.wiznet.se\/index.php?rest_route=\/wp\/v2\/users\/1"}],"replies":[{"embeddable":true,"href":"https:\/\/testdb.wiznet.se\/index.php?rest_route=%2Fwp%2Fv2%2Fcomments&post=28"}],"version-history":[{"count":0,"href":"https:\/\/testdb.wiznet.se\/index.php?rest_route=\/wp\/v2\/posts\/28\/revisions"}],"wp:attachment":[{"href":"https:\/\/testdb.wiznet.se\/index.php?rest_route=%2Fwp%2Fv2%2Fmedia&parent=28"}],"wp:term":[{"taxonomy":"category","embeddable":true,"href":"https:\/\/testdb.wiznet.se\/index.php?rest_route=%2Fwp%2Fv2%2Fcategories&post=28"},{"taxonomy":"post_tag","embeddable":true,"href":"https:\/\/testdb.wiznet.se\/index.php?rest_route=%2Fwp%2Fv2%2Ftags&post=28"}],"curies":[{"name":"wp","href":"https:\/\/api.w.org\/{rel}","templated":true}]}}